{"id":4526,"date":"2023-10-11T10:49:49","date_gmt":"2023-10-11T13:49:49","guid":{"rendered":"http:\/\/www.casadefulo.com.br\/?p=4526\/"},"modified":"2023-10-11T10:54:16","modified_gmt":"2023-10-11T13:54:16","slug":"martnalia","status":"publish","type":"post","link":"http:\/\/www.casadefulo.com.br\/es\/martnalia\/","title":{"rendered":"Mart\u00b4n\u00e1lia"},"content":{"rendered":"<p><span style=\"font-weight: 400;\">Si hablamos de Samba contempor\u00e1nea, hablamos de Brasil y hablamos de MART\u00b4N\u00c1LIA. Con m\u00e1s de 13 \u00e1lbumes de estudio a sus espaldas, cuatro DVD en vivo, la artista fue galardonada con dos Latin Grammy a Mejor \u00c1lbum de Samba con \u201cCanta Vinicius de Moraes\u201d (2019) y \u201c+Misturado\u201d (2017).&nbsp;<\/span><\/p>\n<p><span style=\"font-weight: 400;\">Porque si una cosa es cierta, es que la samba se lleva en la sangre. De muy peque\u00f1a ya acompa\u00f1aba a su padre, Martinho da Vila, en los c\u00edrculos de samba de R\u00edo, su ciudad natal. La artista luego se enamor\u00f3 del ritmo y sus melod\u00edas y aprendi\u00f3 a bailarla, a cantar y a tocar la guitarra y la pandereta.&nbsp;<\/span><\/p>\n<p><span style=\"font-weight: 400;\">La artista est\u00e1 en estudio para grabar su nuevo trabajo en el que honrar\u00e1 las sambas de todas diferentes regiones de Brasil. Su pr\u00f3ximo \u00e1lbum ver\u00e1 la luz en abril de 2024 y ser\u00e1 un grand\u00edsimo homenaje a la samba m\u00e1s all\u00e1 de R\u00edo de Janeiro, haciendo de su pr\u00f3ximo disco una exaltaci\u00f3n a la samba y sus distintas vertientes.&nbsp;<\/span><\/p>\n<p><span style=\"font-weight: 400;\">Mart\u00b4n\u00e1lia tiene el poder de nos transportar a un universo lleno de color y esperanza, con preciosas canciones de samba. Un \u00e1lbum en el que conviven la samba y ritmos africanos, con esa dulzura y simpleza que solo Mart\u2019n\u00e1lia puede transmitir, pero con un gusto exquisito que consigue convertir cualquier d\u00eda en un buen d\u00eda. Un trabajo repleto de detalles sonoros llenos de buena vibra que llegan como una firme apuesta por la alegr\u00eda.<\/span><\/p>\n<p><b>Estilos: <\/b><span style=\"font-weight: 400;\">Samba \/<\/span> <span style=\"font-weight: 400;\">M\u00fasica popular brasile\u00f1a \/ Afro<\/span><\/p>\n<p><b>Territories:<\/b><span style=\"font-weight: 400;\"> Europa<\/span><\/p>\n<p><b>Availability: <\/b><span style=\"font-weight: 400;\">Verano\/Oto\u00f1o 2024<\/span><\/p>\n<p><b>Travelcrew: <\/b><span style=\"font-weight: 400;\">9 pax<\/span><span style=\"font-weight: 400;\">&nbsp;&nbsp;&nbsp;<\/span><\/p>\n","protected":false},"excerpt":{"rendered":"<p>Si hablamos de Samba contempor\u00e1nea, hablamos de Brasil y hablamos de MART\u00b4N\u00c1LIA. Con m\u00e1s de 13 \u00e1lbumes de estudio a sus espaldas, cuatro DVD en vivo, la artista fue galardonada con dos Latin Grammy a Mejor \u00c1lbum de Samba con \u201cCanta Vinicius de Moraes\u201d (2019) y \u201c+Misturado\u201d (2017).&nbsp; Porque si una cosa es cierta, es [&hellip;]<\/p>\n","protected":false},"author":1,"featured_media":4527,"comment_status":"open","ping_status":"open","sticky":false,"template":"","format":"standard","meta":{"ngg_post_thumbnail":0,"footnotes":""},"categories":[68],"tags":[],"class_list":["post-4526","post","type-post","status-publish","format-standard","has-post-thumbnail","hentry","category-artistas-es"],"yoast_head":"<!-- This site is optimized with the Yoast SEO plugin v19.8 - https:\/\/yoast.com\/wordpress\/plugins\/seo\/ -->\n<title>Mart\u00b4n\u00e1lia &raquo; Casa de Ful\u00f4<\/title>\n<meta name=\"robots\" content=\"index, follow, max-snippet:-1, max-image-preview:large, max-video-preview:-1\" \/>\n<link rel=\"canonical\" href=\"http:\/\/www.casadefulo.com.br\/es\/martnalia\/\" \/>\n<meta property=\"og:locale\" content=\"es_ES\" \/>\n<meta property=\"og:type\" content=\"article\" \/>\n<meta property=\"og:title\" content=\"Mart\u00b4n\u00e1lia &raquo; Casa de Ful\u00f4\" \/>\n<meta property=\"og:description\" content=\"Si hablamos de Samba contempor\u00e1nea, hablamos de Brasil y hablamos de MART\u00b4N\u00c1LIA. Con m\u00e1s de 13 \u00e1lbumes de estudio a sus espaldas, cuatro DVD en vivo, la artista fue galardonada con dos Latin Grammy a Mejor \u00c1lbum de Samba con \u201cCanta Vinicius de Moraes\u201d (2019) y \u201c+Misturado\u201d (2017).&nbsp; Porque si una cosa es cierta, es [&hellip;]\" \/>\n<meta property=\"og:url\" content=\"http:\/\/www.casadefulo.com.br\/es\/martnalia\/\" \/>\n<meta property=\"og:site_name\" content=\"Casa de Ful\u00f4\" \/>\n<meta property=\"article:publisher\" content=\"https:\/\/www.facebook.com\/CasaDeFuloProducoes\" \/>\n<meta property=\"article:published_time\" content=\"2023-10-11T13:49:49+00:00\" \/>\n<meta property=\"article:modified_time\" content=\"2023-10-11T13:54:16+00:00\" \/>\n<meta property=\"og:image\" content=\"http:\/\/www.casadefulo.com.br\/cms\/wp-content\/uploads\/2023\/10\/martnalia-roster2024.png\" \/>\n\t<meta property=\"og:image:width\" content=\"280\" \/>\n\t<meta property=\"og:image:height\" content=\"280\" \/>\n\t<meta property=\"og:image:type\" content=\"image\/png\" \/>\n<meta name=\"author\" content=\"Casa de Ful\u00f4 Admin\" \/>\n<meta name=\"twitter:card\" content=\"summary_large_image\" \/>\n<meta name=\"twitter:label1\" content=\"Escrito por\" \/>\n\t<meta name=\"twitter:data1\" content=\"Casa de Ful\u00f4 Admin\" \/>\n\t<meta name=\"twitter:label2\" content=\"Tiempo de lectura\" \/>\n\t<meta name=\"twitter:data2\" content=\"1 minuto\" \/>\n<script type=\"application\/ld+json\" class=\"yoast-schema-graph\">{\"@context\":\"https:\/\/schema.org\",\"@graph\":[{\"@type\":\"Article\",\"@id\":\"http:\/\/www.casadefulo.com.br\/es\/martnalia\/#article\",\"isPartOf\":{\"@id\":\"http:\/\/www.casadefulo.com.br\/es\/martnalia\/\"},\"author\":{\"name\":\"Casa de Ful\u00f4 Admin\",\"@id\":\"https:\/\/www.casadefulo.com.br\/#\/schema\/person\/c233d91344bd4b41b4f404df083a625e\"},\"headline\":\"Mart\u00b4n\u00e1lia\",\"datePublished\":\"2023-10-11T13:49:49+00:00\",\"dateModified\":\"2023-10-11T13:54:16+00:00\",\"mainEntityOfPage\":{\"@id\":\"http:\/\/www.casadefulo.com.br\/es\/martnalia\/\"},\"wordCount\":285,\"commentCount\":0,\"publisher\":{\"@id\":\"https:\/\/www.casadefulo.com.br\/#organization\"},\"articleSection\":[\"Artistas\"],\"inLanguage\":\"es\",\"potentialAction\":[{\"@type\":\"CommentAction\",\"name\":\"Comment\",\"target\":[\"http:\/\/www.casadefulo.com.br\/es\/martnalia\/#respond\"]}]},{\"@type\":\"WebPage\",\"@id\":\"http:\/\/www.casadefulo.com.br\/es\/martnalia\/\",\"url\":\"http:\/\/www.casadefulo.com.br\/es\/martnalia\/\",\"name\":\"Mart\u00b4n\u00e1lia &raquo; Casa de Ful\u00f4\",\"isPartOf\":{\"@id\":\"https:\/\/www.casadefulo.com.br\/#website\"},\"datePublished\":\"2023-10-11T13:49:49+00:00\",\"dateModified\":\"2023-10-11T13:54:16+00:00\",\"breadcrumb\":{\"@id\":\"http:\/\/www.casadefulo.com.br\/es\/martnalia\/#breadcrumb\"},\"inLanguage\":\"es\",\"potentialAction\":[{\"@type\":\"ReadAction\",\"target\":[\"http:\/\/www.casadefulo.com.br\/es\/martnalia\/\"]}]},{\"@type\":\"BreadcrumbList\",\"@id\":\"http:\/\/www.casadefulo.com.br\/es\/martnalia\/#breadcrumb\",\"itemListElement\":[{\"@type\":\"ListItem\",\"position\":1,\"name\":\"In\u00edcio\",\"item\":\"http:\/\/www.casadefulo.com.br\/es\/\"},{\"@type\":\"ListItem\",\"position\":2,\"name\":\"Mart\u00b4n\u00e1lia\"}]},{\"@type\":\"WebSite\",\"@id\":\"https:\/\/www.casadefulo.com.br\/#website\",\"url\":\"https:\/\/www.casadefulo.com.br\/\",\"name\":\"Casa de Ful\u00f4\",\"description\":\"\",\"publisher\":{\"@id\":\"https:\/\/www.casadefulo.com.br\/#organization\"},\"potentialAction\":[{\"@type\":\"SearchAction\",\"target\":{\"@type\":\"EntryPoint\",\"urlTemplate\":\"https:\/\/www.casadefulo.com.br\/?s={search_term_string}\"},\"query-input\":\"required name=search_term_string\"}],\"inLanguage\":\"es\"},{\"@type\":\"Organization\",\"@id\":\"https:\/\/www.casadefulo.com.br\/#organization\",\"name\":\"Casa de Ful\u00f4 Prod\",\"url\":\"https:\/\/www.casadefulo.com.br\/\",\"sameAs\":[\"https:\/\/www.instagram.com\/casadefuloprod\",\"https:\/\/www.facebook.com\/CasaDeFuloProducoes\"],\"logo\":{\"@type\":\"ImageObject\",\"inLanguage\":\"es\",\"@id\":\"https:\/\/www.casadefulo.com.br\/#\/schema\/logo\/image\/\",\"url\":\"http:\/\/www.casadefulo.com.br\/cms\/wp-content\/uploads\/2017\/06\/casadefulo-thumbnail.jpg\",\"contentUrl\":\"http:\/\/www.casadefulo.com.br\/cms\/wp-content\/uploads\/2017\/06\/casadefulo-thumbnail.jpg\",\"width\":280,\"height\":280,\"caption\":\"Casa de Ful\u00f4 Prod\"},\"image\":{\"@id\":\"https:\/\/www.casadefulo.com.br\/#\/schema\/logo\/image\/\"}},{\"@type\":\"Person\",\"@id\":\"https:\/\/www.casadefulo.com.br\/#\/schema\/person\/c233d91344bd4b41b4f404df083a625e\",\"name\":\"Casa de Ful\u00f4 Admin\",\"image\":{\"@type\":\"ImageObject\",\"inLanguage\":\"es\",\"@id\":\"https:\/\/www.casadefulo.com.br\/#\/schema\/person\/image\/\",\"url\":\"https:\/\/secure.gravatar.com\/avatar\/b82165758f363861299571b55794455cc20fefc2e03e2bc3051904784a7443c1?s=96&d=mm&r=g\",\"contentUrl\":\"https:\/\/secure.gravatar.com\/avatar\/b82165758f363861299571b55794455cc20fefc2e03e2bc3051904784a7443c1?s=96&d=mm&r=g\",\"caption\":\"Casa de Ful\u00f4 Admin\"}}]}<\/script>\n<!-- \/ Yoast SEO plugin. -->","yoast_head_json":{"title":"Mart\u00b4n\u00e1lia &raquo; Casa de Ful\u00f4","robots":{"index":"index","follow":"follow","max-snippet":"max-snippet:-1","max-image-preview":"max-image-preview:large","max-video-preview":"max-video-preview:-1"},"canonical":"http:\/\/www.casadefulo.com.br\/es\/martnalia\/","og_locale":"es_ES","og_type":"article","og_title":"Mart\u00b4n\u00e1lia &raquo; Casa de Ful\u00f4","og_description":"Si hablamos de Samba contempor\u00e1nea, hablamos de Brasil y hablamos de MART\u00b4N\u00c1LIA. Con m\u00e1s de 13 \u00e1lbumes de estudio a sus espaldas, cuatro DVD en vivo, la artista fue galardonada con dos Latin Grammy a Mejor \u00c1lbum de Samba con \u201cCanta Vinicius de Moraes\u201d (2019) y \u201c+Misturado\u201d (2017).&nbsp; Porque si una cosa es cierta, es [&hellip;]","og_url":"http:\/\/www.casadefulo.com.br\/es\/martnalia\/","og_site_name":"Casa de Ful\u00f4","article_publisher":"https:\/\/www.facebook.com\/CasaDeFuloProducoes","article_published_time":"2023-10-11T13:49:49+00:00","article_modified_time":"2023-10-11T13:54:16+00:00","og_image":[{"width":280,"height":280,"url":"http:\/\/www.casadefulo.com.br\/cms\/wp-content\/uploads\/2023\/10\/martnalia-roster2024.png","type":"image\/png"}],"author":"Casa de Ful\u00f4 Admin","twitter_card":"summary_large_image","twitter_misc":{"Escrito por":"Casa de Ful\u00f4 Admin","Tiempo de lectura":"1 minuto"},"schema":{"@context":"https:\/\/schema.org","@graph":[{"@type":"Article","@id":"http:\/\/www.casadefulo.com.br\/es\/martnalia\/#article","isPartOf":{"@id":"http:\/\/www.casadefulo.com.br\/es\/martnalia\/"},"author":{"name":"Casa de Ful\u00f4 Admin","@id":"https:\/\/www.casadefulo.com.br\/#\/schema\/person\/c233d91344bd4b41b4f404df083a625e"},"headline":"Mart\u00b4n\u00e1lia","datePublished":"2023-10-11T13:49:49+00:00","dateModified":"2023-10-11T13:54:16+00:00","mainEntityOfPage":{"@id":"http:\/\/www.casadefulo.com.br\/es\/martnalia\/"},"wordCount":285,"commentCount":0,"publisher":{"@id":"https:\/\/www.casadefulo.com.br\/#organization"},"articleSection":["Artistas"],"inLanguage":"es","potentialAction":[{"@type":"CommentAction","name":"Comment","target":["http:\/\/www.casadefulo.com.br\/es\/martnalia\/#respond"]}]},{"@type":"WebPage","@id":"http:\/\/www.casadefulo.com.br\/es\/martnalia\/","url":"http:\/\/www.casadefulo.com.br\/es\/martnalia\/","name":"Mart\u00b4n\u00e1lia &raquo; Casa de Ful\u00f4","isPartOf":{"@id":"https:\/\/www.casadefulo.com.br\/#website"},"datePublished":"2023-10-11T13:49:49+00:00","dateModified":"2023-10-11T13:54:16+00:00","breadcrumb":{"@id":"http:\/\/www.casadefulo.com.br\/es\/martnalia\/#breadcrumb"},"inLanguage":"es","potentialAction":[{"@type":"ReadAction","target":["http:\/\/www.casadefulo.com.br\/es\/martnalia\/"]}]},{"@type":"BreadcrumbList","@id":"http:\/\/www.casadefulo.com.br\/es\/martnalia\/#breadcrumb","itemListElement":[{"@type":"ListItem","position":1,"name":"In\u00edcio","item":"http:\/\/www.casadefulo.com.br\/es\/"},{"@type":"ListItem","position":2,"name":"Mart\u00b4n\u00e1lia"}]},{"@type":"WebSite","@id":"https:\/\/www.casadefulo.com.br\/#website","url":"https:\/\/www.casadefulo.com.br\/","name":"Casa de Ful\u00f4","description":"","publisher":{"@id":"https:\/\/www.casadefulo.com.br\/#organization"},"potentialAction":[{"@type":"SearchAction","target":{"@type":"EntryPoint","urlTemplate":"https:\/\/www.casadefulo.com.br\/?s={search_term_string}"},"query-input":"required name=search_term_string"}],"inLanguage":"es"},{"@type":"Organization","@id":"https:\/\/www.casadefulo.com.br\/#organization","name":"Casa de Ful\u00f4 Prod","url":"https:\/\/www.casadefulo.com.br\/","sameAs":["https:\/\/www.instagram.com\/casadefuloprod","https:\/\/www.facebook.com\/CasaDeFuloProducoes"],"logo":{"@type":"ImageObject","inLanguage":"es","@id":"https:\/\/www.casadefulo.com.br\/#\/schema\/logo\/image\/","url":"http:\/\/www.casadefulo.com.br\/cms\/wp-content\/uploads\/2017\/06\/casadefulo-thumbnail.jpg","contentUrl":"http:\/\/www.casadefulo.com.br\/cms\/wp-content\/uploads\/2017\/06\/casadefulo-thumbnail.jpg","width":280,"height":280,"caption":"Casa de Ful\u00f4 Prod"},"image":{"@id":"https:\/\/www.casadefulo.com.br\/#\/schema\/logo\/image\/"}},{"@type":"Person","@id":"https:\/\/www.casadefulo.com.br\/#\/schema\/person\/c233d91344bd4b41b4f404df083a625e","name":"Casa de Ful\u00f4 Admin","image":{"@type":"ImageObject","inLanguage":"es","@id":"https:\/\/www.casadefulo.com.br\/#\/schema\/person\/image\/","url":"https:\/\/secure.gravatar.com\/avatar\/b82165758f363861299571b55794455cc20fefc2e03e2bc3051904784a7443c1?s=96&d=mm&r=g","contentUrl":"https:\/\/secure.gravatar.com\/avatar\/b82165758f363861299571b55794455cc20fefc2e03e2bc3051904784a7443c1?s=96&d=mm&r=g","caption":"Casa de Ful\u00f4 Admin"}}]}},"_links":{"self":[{"href":"http:\/\/www.casadefulo.com.br\/es\/wp-json\/wp\/v2\/posts\/4526","targetHints":{"allow":["GET"]}}],"collection":[{"href":"http:\/\/www.casadefulo.com.br\/es\/wp-json\/wp\/v2\/posts"}],"about":[{"href":"http:\/\/www.casadefulo.com.br\/es\/wp-json\/wp\/v2\/types\/post"}],"author":[{"embeddable":true,"href":"http:\/\/www.casadefulo.com.br\/es\/wp-json\/wp\/v2\/users\/1"}],"replies":[{"embeddable":true,"href":"http:\/\/www.casadefulo.com.br\/es\/wp-json\/wp\/v2\/comments?post=4526"}],"version-history":[{"count":5,"href":"http:\/\/www.casadefulo.com.br\/es\/wp-json\/wp\/v2\/posts\/4526\/revisions"}],"predecessor-version":[{"id":4532,"href":"http:\/\/www.casadefulo.com.br\/es\/wp-json\/wp\/v2\/posts\/4526\/revisions\/4532"}],"wp:featuredmedia":[{"embeddable":true,"href":"http:\/\/www.casadefulo.com.br\/es\/wp-json\/wp\/v2\/media\/4527"}],"wp:attachment":[{"href":"http:\/\/www.casadefulo.com.br\/es\/wp-json\/wp\/v2\/media?parent=4526"}],"wp:term":[{"taxonomy":"category","embeddable":true,"href":"http:\/\/www.casadefulo.com.br\/es\/wp-json\/wp\/v2\/categories?post=4526"},{"taxonomy":"post_tag","embeddable":true,"href":"http:\/\/www.casadefulo.com.br\/es\/wp-json\/wp\/v2\/tags?post=4526"}],"curies":[{"name":"wp","href":"https:\/\/api.w.org\/{rel}","templated":true}]}}