{"id":4440,"date":"2022-10-20T19:29:55","date_gmt":"2022-10-20T22:29:55","guid":{"rendered":"http:\/\/www.casadefulo.com.br\/?p=4440\/"},"modified":"2023-10-18T08:00:07","modified_gmt":"2023-10-18T11:00:07","slug":"marina-sena","status":"publish","type":"post","link":"http:\/\/www.casadefulo.com.br\/es\/marina-sena\/","title":{"rendered":"Marina Sena"},"content":{"rendered":"<p><span style=\"font-weight: 400;\"><span style=\"vertical-align: inherit;\"><span style=\"vertical-align: inherit;\">Una de las artistas pop de mayor \u00e9xito en Brasil y que en el verano de 2022 estuvo en festivales como Roskilde, Sines, Horizonte, adem\u00e1s de salas de Londres, Lisboa, Holanda, Madrid y Berl\u00edn, Marina Sena se ha vuelto m\u00e1s atrevida que nunca con su segundo \u00e1lbum \u00abV\u00edcio Inerente\u00bb que se lanzar\u00e1 en Europa en el verano de 2024.<\/span><\/span><\/span><\/p>\n<p><span style=\"font-weight: 400;\"><span style=\"vertical-align: inherit;\"><span style=\"vertical-align: inherit;\">Hay algo genuinamente brasile\u00f1o en Marina Sena que es dif\u00edcil de traducir. <\/span><span style=\"vertical-align: inherit;\">Est\u00e1 en su m\u00fasica, en su forma de cantar, de hablar y de moverse en el escenario.&nbsp;<\/span><\/span><\/span><\/p>\n<p><span style=\"font-weight: 400;\"><span style=\"vertical-align: inherit;\"><span style=\"vertical-align: inherit;\">Marina Sena ha demostrado que ha venido para quedarse. <\/span><span style=\"vertical-align: inherit;\">La pluma afilada y el timbre inconfundible del artista se combinan con una est\u00e9tica perfecta y una sensualidad deslumbrante. <\/span><span style=\"vertical-align: inherit;\">Conciertos con entradas tard\u00edas, portadas de revistas, premios, programas de televisi\u00f3n y giras internacionales se convirtieron en una rutina en la vida de Marina, quien desde peque\u00f1a supuse que estaba destinada a ser una estrella del pop.<\/span><\/span><\/span><\/p>\n<p><span style=\"font-weight: 400;\"><span style=\"vertical-align: inherit;\"><span style=\"vertical-align: inherit;\">Su segundo \u00e1lbum, \u00abV\u00edcio Inerente\u00bb, que est\u00e1 disponible en aplicaciones de m\u00fasica a trav\u00e9s de Sony Music, es un \u00e1lbum de pop moderno que suena como si fuera el a\u00f1o 2050. Hay trap, pagotrap, reggaeton, drill, R&amp;B, Triphop, Soul y the Conocida influencia de la m\u00fasica popular brasile\u00f1a que Marina aporta a sus composiciones. <\/span><span style=\"vertical-align: inherit;\">Es impactante, fuerte y elegante con la misma firma aut\u00e9ntica y atrevida por la que eres conocido como cantante.&nbsp;<\/span><\/span><\/span><\/p>\n<p><b>Estilo: <\/b><span style=\"font-weight: 400;\">&nbsp;M\u00fasica Popular Brasile\u00f1a \/ Pop \/ Alternativa<\/span><\/p>\n<p><b>Territorios: <\/b><span style=\"font-weight: 400;\">Portugal y Espa\u00f1a<\/span><\/p>\n<p><b>Disponible: <\/b><span style=\"font-weight: 400;\">Verano 2024<\/span><\/p>\n<p><b>Equipo: <\/b><span style=\"font-weight: 400;\">10 pax<\/span><\/p>\n","protected":false},"excerpt":{"rendered":"<p>Una de las artistas pop de mayor \u00e9xito en Brasil y que en el verano de 2022 estuvo en festivales como Roskilde, Sines, Horizonte, adem\u00e1s de salas de Londres, Lisboa, Holanda, Madrid y Berl\u00edn, Marina Sena se ha vuelto m\u00e1s atrevida que nunca con su segundo \u00e1lbum \u00abV\u00edcio Inerente\u00bb que se lanzar\u00e1 en Europa en [&hellip;]<\/p>\n","protected":false},"author":1,"featured_media":4468,"comment_status":"open","ping_status":"open","sticky":false,"template":"","format":"standard","meta":{"ngg_post_thumbnail":0,"footnotes":""},"categories":[68],"tags":[],"class_list":["post-4440","post","type-post","status-publish","format-standard","has-post-thumbnail","hentry","category-artistas-es"],"yoast_head":"<!-- This site is optimized with the Yoast SEO plugin v19.8 - https:\/\/yoast.com\/wordpress\/plugins\/seo\/ -->\n<title>Marina Sena &raquo; Casa de Ful\u00f4<\/title>\n<meta name=\"description\" content=\"Marina Sena ha demostrado que ha venido para quedarse. Una de las artistas pop de mayor \u00e9xito en Brasil.\" \/>\n<meta name=\"robots\" content=\"index, follow, max-snippet:-1, max-image-preview:large, max-video-preview:-1\" \/>\n<link rel=\"canonical\" href=\"http:\/\/www.casadefulo.com.br\/es\/marina-sena\/\" \/>\n<meta property=\"og:locale\" content=\"es_ES\" \/>\n<meta property=\"og:type\" content=\"article\" \/>\n<meta property=\"og:title\" content=\"Marina Sena &raquo; Casa de Ful\u00f4\" \/>\n<meta property=\"og:description\" content=\"Marina Sena ha demostrado que ha venido para quedarse. Una de las artistas pop de mayor \u00e9xito en Brasil.\" \/>\n<meta property=\"og:url\" content=\"http:\/\/www.casadefulo.com.br\/es\/marina-sena\/\" \/>\n<meta property=\"og:site_name\" content=\"Casa de Ful\u00f4\" \/>\n<meta property=\"article:publisher\" content=\"https:\/\/www.facebook.com\/CasaDeFuloProducoes\" \/>\n<meta property=\"article:published_time\" content=\"2022-10-20T22:29:55+00:00\" \/>\n<meta property=\"article:modified_time\" content=\"2023-10-18T11:00:07+00:00\" \/>\n<meta property=\"og:image\" content=\"http:\/\/www.casadefulo.com.br\/cms\/wp-content\/uploads\/2022\/10\/marina-sena-foto-fernando-tomaz.png\" \/>\n\t<meta property=\"og:image:width\" content=\"280\" \/>\n\t<meta property=\"og:image:height\" content=\"280\" \/>\n\t<meta property=\"og:image:type\" content=\"image\/png\" \/>\n<meta name=\"author\" content=\"Casa de Ful\u00f4 Admin\" \/>\n<meta name=\"twitter:card\" content=\"summary_large_image\" \/>\n<meta name=\"twitter:label1\" content=\"Escrito por\" \/>\n\t<meta name=\"twitter:data1\" content=\"Casa de Ful\u00f4 Admin\" \/>\n\t<meta name=\"twitter:label2\" content=\"Tiempo de lectura\" \/>\n\t<meta name=\"twitter:data2\" content=\"1 minuto\" \/>\n<script type=\"application\/ld+json\" class=\"yoast-schema-graph\">{\"@context\":\"https:\/\/schema.org\",\"@graph\":[{\"@type\":\"Article\",\"@id\":\"http:\/\/www.casadefulo.com.br\/es\/marina-sena\/#article\",\"isPartOf\":{\"@id\":\"http:\/\/www.casadefulo.com.br\/es\/marina-sena\/\"},\"author\":{\"name\":\"Casa de Ful\u00f4 Admin\",\"@id\":\"https:\/\/www.casadefulo.com.br\/#\/schema\/person\/c233d91344bd4b41b4f404df083a625e\"},\"headline\":\"Marina Sena\",\"datePublished\":\"2022-10-20T22:29:55+00:00\",\"dateModified\":\"2023-10-18T11:00:07+00:00\",\"mainEntityOfPage\":{\"@id\":\"http:\/\/www.casadefulo.com.br\/es\/marina-sena\/\"},\"wordCount\":265,\"commentCount\":0,\"publisher\":{\"@id\":\"https:\/\/www.casadefulo.com.br\/#organization\"},\"articleSection\":[\"Artistas\"],\"inLanguage\":\"es\",\"potentialAction\":[{\"@type\":\"CommentAction\",\"name\":\"Comment\",\"target\":[\"http:\/\/www.casadefulo.com.br\/es\/marina-sena\/#respond\"]}]},{\"@type\":\"WebPage\",\"@id\":\"http:\/\/www.casadefulo.com.br\/es\/marina-sena\/\",\"url\":\"http:\/\/www.casadefulo.com.br\/es\/marina-sena\/\",\"name\":\"Marina Sena &raquo; Casa de Ful\u00f4\",\"isPartOf\":{\"@id\":\"https:\/\/www.casadefulo.com.br\/#website\"},\"datePublished\":\"2022-10-20T22:29:55+00:00\",\"dateModified\":\"2023-10-18T11:00:07+00:00\",\"description\":\"Marina Sena ha demostrado que ha venido para quedarse. Una de las artistas pop de mayor \u00e9xito en Brasil.\",\"breadcrumb\":{\"@id\":\"http:\/\/www.casadefulo.com.br\/es\/marina-sena\/#breadcrumb\"},\"inLanguage\":\"es\",\"potentialAction\":[{\"@type\":\"ReadAction\",\"target\":[\"http:\/\/www.casadefulo.com.br\/es\/marina-sena\/\"]}]},{\"@type\":\"BreadcrumbList\",\"@id\":\"http:\/\/www.casadefulo.com.br\/es\/marina-sena\/#breadcrumb\",\"itemListElement\":[{\"@type\":\"ListItem\",\"position\":1,\"name\":\"In\u00edcio\",\"item\":\"http:\/\/www.casadefulo.com.br\/es\/\"},{\"@type\":\"ListItem\",\"position\":2,\"name\":\"Marina Sena\"}]},{\"@type\":\"WebSite\",\"@id\":\"https:\/\/www.casadefulo.com.br\/#website\",\"url\":\"https:\/\/www.casadefulo.com.br\/\",\"name\":\"Casa de Ful\u00f4\",\"description\":\"\",\"publisher\":{\"@id\":\"https:\/\/www.casadefulo.com.br\/#organization\"},\"potentialAction\":[{\"@type\":\"SearchAction\",\"target\":{\"@type\":\"EntryPoint\",\"urlTemplate\":\"https:\/\/www.casadefulo.com.br\/?s={search_term_string}\"},\"query-input\":\"required name=search_term_string\"}],\"inLanguage\":\"es\"},{\"@type\":\"Organization\",\"@id\":\"https:\/\/www.casadefulo.com.br\/#organization\",\"name\":\"Casa de Ful\u00f4 Prod\",\"url\":\"https:\/\/www.casadefulo.com.br\/\",\"sameAs\":[\"https:\/\/www.instagram.com\/casadefuloprod\",\"https:\/\/www.facebook.com\/CasaDeFuloProducoes\"],\"logo\":{\"@type\":\"ImageObject\",\"inLanguage\":\"es\",\"@id\":\"https:\/\/www.casadefulo.com.br\/#\/schema\/logo\/image\/\",\"url\":\"http:\/\/www.casadefulo.com.br\/cms\/wp-content\/uploads\/2017\/06\/casadefulo-thumbnail.jpg\",\"contentUrl\":\"http:\/\/www.casadefulo.com.br\/cms\/wp-content\/uploads\/2017\/06\/casadefulo-thumbnail.jpg\",\"width\":280,\"height\":280,\"caption\":\"Casa de Ful\u00f4 Prod\"},\"image\":{\"@id\":\"https:\/\/www.casadefulo.com.br\/#\/schema\/logo\/image\/\"}},{\"@type\":\"Person\",\"@id\":\"https:\/\/www.casadefulo.com.br\/#\/schema\/person\/c233d91344bd4b41b4f404df083a625e\",\"name\":\"Casa de Ful\u00f4 Admin\",\"image\":{\"@type\":\"ImageObject\",\"inLanguage\":\"es\",\"@id\":\"https:\/\/www.casadefulo.com.br\/#\/schema\/person\/image\/\",\"url\":\"https:\/\/secure.gravatar.com\/avatar\/b82165758f363861299571b55794455cc20fefc2e03e2bc3051904784a7443c1?s=96&d=mm&r=g\",\"contentUrl\":\"https:\/\/secure.gravatar.com\/avatar\/b82165758f363861299571b55794455cc20fefc2e03e2bc3051904784a7443c1?s=96&d=mm&r=g\",\"caption\":\"Casa de Ful\u00f4 Admin\"}}]}<\/script>\n<!-- \/ Yoast SEO plugin. -->","yoast_head_json":{"title":"Marina Sena &raquo; Casa de Ful\u00f4","description":"Marina Sena ha demostrado que ha venido para quedarse. Una de las artistas pop de mayor \u00e9xito en Brasil.","robots":{"index":"index","follow":"follow","max-snippet":"max-snippet:-1","max-image-preview":"max-image-preview:large","max-video-preview":"max-video-preview:-1"},"canonical":"http:\/\/www.casadefulo.com.br\/es\/marina-sena\/","og_locale":"es_ES","og_type":"article","og_title":"Marina Sena &raquo; Casa de Ful\u00f4","og_description":"Marina Sena ha demostrado que ha venido para quedarse. Una de las artistas pop de mayor \u00e9xito en Brasil.","og_url":"http:\/\/www.casadefulo.com.br\/es\/marina-sena\/","og_site_name":"Casa de Ful\u00f4","article_publisher":"https:\/\/www.facebook.com\/CasaDeFuloProducoes","article_published_time":"2022-10-20T22:29:55+00:00","article_modified_time":"2023-10-18T11:00:07+00:00","og_image":[{"width":280,"height":280,"url":"http:\/\/www.casadefulo.com.br\/cms\/wp-content\/uploads\/2022\/10\/marina-sena-foto-fernando-tomaz.png","type":"image\/png"}],"author":"Casa de Ful\u00f4 Admin","twitter_card":"summary_large_image","twitter_misc":{"Escrito por":"Casa de Ful\u00f4 Admin","Tiempo de lectura":"1 minuto"},"schema":{"@context":"https:\/\/schema.org","@graph":[{"@type":"Article","@id":"http:\/\/www.casadefulo.com.br\/es\/marina-sena\/#article","isPartOf":{"@id":"http:\/\/www.casadefulo.com.br\/es\/marina-sena\/"},"author":{"name":"Casa de Ful\u00f4 Admin","@id":"https:\/\/www.casadefulo.com.br\/#\/schema\/person\/c233d91344bd4b41b4f404df083a625e"},"headline":"Marina Sena","datePublished":"2022-10-20T22:29:55+00:00","dateModified":"2023-10-18T11:00:07+00:00","mainEntityOfPage":{"@id":"http:\/\/www.casadefulo.com.br\/es\/marina-sena\/"},"wordCount":265,"commentCount":0,"publisher":{"@id":"https:\/\/www.casadefulo.com.br\/#organization"},"articleSection":["Artistas"],"inLanguage":"es","potentialAction":[{"@type":"CommentAction","name":"Comment","target":["http:\/\/www.casadefulo.com.br\/es\/marina-sena\/#respond"]}]},{"@type":"WebPage","@id":"http:\/\/www.casadefulo.com.br\/es\/marina-sena\/","url":"http:\/\/www.casadefulo.com.br\/es\/marina-sena\/","name":"Marina Sena &raquo; Casa de Ful\u00f4","isPartOf":{"@id":"https:\/\/www.casadefulo.com.br\/#website"},"datePublished":"2022-10-20T22:29:55+00:00","dateModified":"2023-10-18T11:00:07+00:00","description":"Marina Sena ha demostrado que ha venido para quedarse. Una de las artistas pop de mayor \u00e9xito en Brasil.","breadcrumb":{"@id":"http:\/\/www.casadefulo.com.br\/es\/marina-sena\/#breadcrumb"},"inLanguage":"es","potentialAction":[{"@type":"ReadAction","target":["http:\/\/www.casadefulo.com.br\/es\/marina-sena\/"]}]},{"@type":"BreadcrumbList","@id":"http:\/\/www.casadefulo.com.br\/es\/marina-sena\/#breadcrumb","itemListElement":[{"@type":"ListItem","position":1,"name":"In\u00edcio","item":"http:\/\/www.casadefulo.com.br\/es\/"},{"@type":"ListItem","position":2,"name":"Marina Sena"}]},{"@type":"WebSite","@id":"https:\/\/www.casadefulo.com.br\/#website","url":"https:\/\/www.casadefulo.com.br\/","name":"Casa de Ful\u00f4","description":"","publisher":{"@id":"https:\/\/www.casadefulo.com.br\/#organization"},"potentialAction":[{"@type":"SearchAction","target":{"@type":"EntryPoint","urlTemplate":"https:\/\/www.casadefulo.com.br\/?s={search_term_string}"},"query-input":"required name=search_term_string"}],"inLanguage":"es"},{"@type":"Organization","@id":"https:\/\/www.casadefulo.com.br\/#organization","name":"Casa de Ful\u00f4 Prod","url":"https:\/\/www.casadefulo.com.br\/","sameAs":["https:\/\/www.instagram.com\/casadefuloprod","https:\/\/www.facebook.com\/CasaDeFuloProducoes"],"logo":{"@type":"ImageObject","inLanguage":"es","@id":"https:\/\/www.casadefulo.com.br\/#\/schema\/logo\/image\/","url":"http:\/\/www.casadefulo.com.br\/cms\/wp-content\/uploads\/2017\/06\/casadefulo-thumbnail.jpg","contentUrl":"http:\/\/www.casadefulo.com.br\/cms\/wp-content\/uploads\/2017\/06\/casadefulo-thumbnail.jpg","width":280,"height":280,"caption":"Casa de Ful\u00f4 Prod"},"image":{"@id":"https:\/\/www.casadefulo.com.br\/#\/schema\/logo\/image\/"}},{"@type":"Person","@id":"https:\/\/www.casadefulo.com.br\/#\/schema\/person\/c233d91344bd4b41b4f404df083a625e","name":"Casa de Ful\u00f4 Admin","image":{"@type":"ImageObject","inLanguage":"es","@id":"https:\/\/www.casadefulo.com.br\/#\/schema\/person\/image\/","url":"https:\/\/secure.gravatar.com\/avatar\/b82165758f363861299571b55794455cc20fefc2e03e2bc3051904784a7443c1?s=96&d=mm&r=g","contentUrl":"https:\/\/secure.gravatar.com\/avatar\/b82165758f363861299571b55794455cc20fefc2e03e2bc3051904784a7443c1?s=96&d=mm&r=g","caption":"Casa de Ful\u00f4 Admin"}}]}},"_links":{"self":[{"href":"http:\/\/www.casadefulo.com.br\/es\/wp-json\/wp\/v2\/posts\/4440","targetHints":{"allow":["GET"]}}],"collection":[{"href":"http:\/\/www.casadefulo.com.br\/es\/wp-json\/wp\/v2\/posts"}],"about":[{"href":"http:\/\/www.casadefulo.com.br\/es\/wp-json\/wp\/v2\/types\/post"}],"author":[{"embeddable":true,"href":"http:\/\/www.casadefulo.com.br\/es\/wp-json\/wp\/v2\/users\/1"}],"replies":[{"embeddable":true,"href":"http:\/\/www.casadefulo.com.br\/es\/wp-json\/wp\/v2\/comments?post=4440"}],"version-history":[{"count":4,"href":"http:\/\/www.casadefulo.com.br\/es\/wp-json\/wp\/v2\/posts\/4440\/revisions"}],"predecessor-version":[{"id":4467,"href":"http:\/\/www.casadefulo.com.br\/es\/wp-json\/wp\/v2\/posts\/4440\/revisions\/4467"}],"wp:featuredmedia":[{"embeddable":true,"href":"http:\/\/www.casadefulo.com.br\/es\/wp-json\/wp\/v2\/media\/4468"}],"wp:attachment":[{"href":"http:\/\/www.casadefulo.com.br\/es\/wp-json\/wp\/v2\/media?parent=4440"}],"wp:term":[{"taxonomy":"category","embeddable":true,"href":"http:\/\/www.casadefulo.com.br\/es\/wp-json\/wp\/v2\/categories?post=4440"},{"taxonomy":"post_tag","embeddable":true,"href":"http:\/\/www.casadefulo.com.br\/es\/wp-json\/wp\/v2\/tags?post=4440"}],"curies":[{"name":"wp","href":"https:\/\/api.w.org\/{rel}","templated":true}]}}