{"id":4221,"date":"2020-02-27T20:11:49","date_gmt":"2020-02-27T23:11:49","guid":{"rendered":"http:\/\/www.casadefulo.com.br\/cms\/world-percussion-ensemble\/"},"modified":"2023-10-11T10:45:23","modified_gmt":"2023-10-11T13:45:23","slug":"luedji-luna","status":"publish","type":"post","link":"http:\/\/www.casadefulo.com.br\/es\/luedji-luna\/","title":{"rendered":"Luedji Luna"},"content":{"rendered":"<p><span style=\"font-weight: 400;\">El indomable sonido de la artista afrobrasile\u00f1a Luedji Luna vuelva a Europa en primavera\/verano de 2024.&nbsp;<\/span><\/p>\n<p><span style=\"font-weight: 400;\">Luedji es una fuerza fascinante y espiritual. Considerada una sensaci\u00f3n de la m\u00fasica brasile\u00f1a, ella se destaca en la escena musical mezclando sonidos de tambores bahianos y africanos con jazz elegante y atrevido.<\/span><\/p>\n<p><span style=\"font-weight: 400;\">La cantante presenta su concierto \u201cBom Mesmo \u00c9 Estar Debaixo d\u2019\u00c1gua\u201d, repleto de jazz, samba de Roda y Afox\u00e9. Aclamado tanto por el p\u00fablico como la cr\u00edtica, fue nominado en el Grammy Latino 2021 como \u201cMejor \u00c1lbum MPB\u201d y ha sido premiado como \u00abMejor \u00c1lbum del A\u00f1o\u00bb en los WME Music Awards.<\/span><\/p>\n<p><span style=\"font-weight: 400;\">Jazz fusi\u00f3n y pop brasile\u00f1o inspirado en el candombl\u00e9, hasta polirritmias africanas respaldadas por guitarras giratorias de \u00c1frica occidental La mezcla de sonidos, letras y poes\u00eda de Luedji Luna la ha consagrado como una de las figuras m\u00e1s destacadas de la neo-MPB brasile\u00f1a.<\/span><\/p>\n<p><b>Estilo: <\/b><span style=\"font-weight: 400;\">&nbsp;Neo MPB \/ Jazz Afro-Brasile\u00f1o<\/span><\/p>\n<p><b>Territorios: <\/b><span style=\"font-weight: 400;\">Portugal y Espa\u00f1a<\/span><\/p>\n<p><b>Disponible: <\/b><span style=\"font-weight: 400;\">Primavera\/Verano 2024<\/span><\/p>\n<p><b>Equipo: <\/b><span style=\"font-weight: 400;\">7 pax<\/span><\/p>\n","protected":false},"excerpt":{"rendered":"<p>El indomable sonido de la artista afrobrasile\u00f1a Luedji Luna vuelva a Europa en primavera\/verano de 2024.&nbsp; Luedji es una fuerza fascinante y espiritual. Considerada una sensaci\u00f3n de la m\u00fasica brasile\u00f1a, ella se destaca en la escena musical mezclando sonidos de tambores bahianos y africanos con jazz elegante y atrevido. La cantante presenta su concierto \u201cBom [&hellip;]<\/p>\n","protected":false},"author":1,"featured_media":4511,"comment_status":"open","ping_status":"open","sticky":false,"template":"","format":"standard","meta":{"ngg_post_thumbnail":0,"footnotes":""},"categories":[68],"tags":[],"class_list":["post-4221","post","type-post","status-publish","format-standard","has-post-thumbnail","hentry","category-artistas-es"],"yoast_head":"<!-- This site is optimized with the Yoast SEO plugin v19.8 - https:\/\/yoast.com\/wordpress\/plugins\/seo\/ -->\n<title>Luedji Luna &raquo; Casa de Ful\u00f4<\/title>\n<meta name=\"robots\" content=\"index, follow, max-snippet:-1, max-image-preview:large, max-video-preview:-1\" \/>\n<link rel=\"canonical\" href=\"http:\/\/www.casadefulo.com.br\/es\/luedji-luna\/\" \/>\n<meta property=\"og:locale\" content=\"es_ES\" \/>\n<meta property=\"og:type\" content=\"article\" \/>\n<meta property=\"og:title\" content=\"Luedji Luna &raquo; Casa de Ful\u00f4\" \/>\n<meta property=\"og:description\" content=\"El indomable sonido de la artista afrobrasile\u00f1a Luedji Luna vuelva a Europa en primavera\/verano de 2024.&nbsp; Luedji es una fuerza fascinante y espiritual. Considerada una sensaci\u00f3n de la m\u00fasica brasile\u00f1a, ella se destaca en la escena musical mezclando sonidos de tambores bahianos y africanos con jazz elegante y atrevido. La cantante presenta su concierto \u201cBom [&hellip;]\" \/>\n<meta property=\"og:url\" content=\"http:\/\/www.casadefulo.com.br\/es\/luedji-luna\/\" \/>\n<meta property=\"og:site_name\" content=\"Casa de Ful\u00f4\" \/>\n<meta property=\"article:publisher\" content=\"https:\/\/www.facebook.com\/CasaDeFuloProducoes\" \/>\n<meta property=\"article:published_time\" content=\"2020-02-27T23:11:49+00:00\" \/>\n<meta property=\"article:modified_time\" content=\"2023-10-11T13:45:23+00:00\" \/>\n<meta property=\"og:image\" content=\"http:\/\/www.casadefulo.com.br\/cms\/wp-content\/uploads\/2020\/02\/luedjiluna-roster2024peq.png\" \/>\n\t<meta property=\"og:image:width\" content=\"280\" \/>\n\t<meta property=\"og:image:height\" content=\"280\" \/>\n\t<meta property=\"og:image:type\" content=\"image\/png\" \/>\n<meta name=\"author\" content=\"Casa de Ful\u00f4 Admin\" \/>\n<meta name=\"twitter:card\" content=\"summary_large_image\" \/>\n<meta name=\"twitter:label1\" content=\"Escrito por\" \/>\n\t<meta name=\"twitter:data1\" content=\"Casa de Ful\u00f4 Admin\" \/>\n\t<meta name=\"twitter:label2\" content=\"Tiempo de lectura\" \/>\n\t<meta name=\"twitter:data2\" content=\"1 minuto\" \/>\n<script type=\"application\/ld+json\" class=\"yoast-schema-graph\">{\"@context\":\"https:\/\/schema.org\",\"@graph\":[{\"@type\":\"Article\",\"@id\":\"http:\/\/www.casadefulo.com.br\/es\/luedji-luna\/#article\",\"isPartOf\":{\"@id\":\"http:\/\/www.casadefulo.com.br\/es\/luedji-luna\/\"},\"author\":{\"name\":\"Casa de Ful\u00f4 Admin\",\"@id\":\"https:\/\/www.casadefulo.com.br\/#\/schema\/person\/c233d91344bd4b41b4f404df083a625e\"},\"headline\":\"Luedji Luna\",\"datePublished\":\"2020-02-27T23:11:49+00:00\",\"dateModified\":\"2023-10-11T13:45:23+00:00\",\"mainEntityOfPage\":{\"@id\":\"http:\/\/www.casadefulo.com.br\/es\/luedji-luna\/\"},\"wordCount\":175,\"commentCount\":0,\"publisher\":{\"@id\":\"https:\/\/www.casadefulo.com.br\/#organization\"},\"articleSection\":[\"Artistas\"],\"inLanguage\":\"es\",\"potentialAction\":[{\"@type\":\"CommentAction\",\"name\":\"Comment\",\"target\":[\"http:\/\/www.casadefulo.com.br\/es\/luedji-luna\/#respond\"]}]},{\"@type\":\"WebPage\",\"@id\":\"http:\/\/www.casadefulo.com.br\/es\/luedji-luna\/\",\"url\":\"http:\/\/www.casadefulo.com.br\/es\/luedji-luna\/\",\"name\":\"Luedji Luna &raquo; Casa de Ful\u00f4\",\"isPartOf\":{\"@id\":\"https:\/\/www.casadefulo.com.br\/#website\"},\"datePublished\":\"2020-02-27T23:11:49+00:00\",\"dateModified\":\"2023-10-11T13:45:23+00:00\",\"breadcrumb\":{\"@id\":\"http:\/\/www.casadefulo.com.br\/es\/luedji-luna\/#breadcrumb\"},\"inLanguage\":\"es\",\"potentialAction\":[{\"@type\":\"ReadAction\",\"target\":[\"http:\/\/www.casadefulo.com.br\/es\/luedji-luna\/\"]}]},{\"@type\":\"BreadcrumbList\",\"@id\":\"http:\/\/www.casadefulo.com.br\/es\/luedji-luna\/#breadcrumb\",\"itemListElement\":[{\"@type\":\"ListItem\",\"position\":1,\"name\":\"In\u00edcio\",\"item\":\"http:\/\/www.casadefulo.com.br\/es\/\"},{\"@type\":\"ListItem\",\"position\":2,\"name\":\"Luedji Luna\"}]},{\"@type\":\"WebSite\",\"@id\":\"https:\/\/www.casadefulo.com.br\/#website\",\"url\":\"https:\/\/www.casadefulo.com.br\/\",\"name\":\"Casa de Ful\u00f4\",\"description\":\"\",\"publisher\":{\"@id\":\"https:\/\/www.casadefulo.com.br\/#organization\"},\"potentialAction\":[{\"@type\":\"SearchAction\",\"target\":{\"@type\":\"EntryPoint\",\"urlTemplate\":\"https:\/\/www.casadefulo.com.br\/?s={search_term_string}\"},\"query-input\":\"required name=search_term_string\"}],\"inLanguage\":\"es\"},{\"@type\":\"Organization\",\"@id\":\"https:\/\/www.casadefulo.com.br\/#organization\",\"name\":\"Casa de Ful\u00f4 Prod\",\"url\":\"https:\/\/www.casadefulo.com.br\/\",\"sameAs\":[\"https:\/\/www.instagram.com\/casadefuloprod\",\"https:\/\/www.facebook.com\/CasaDeFuloProducoes\"],\"logo\":{\"@type\":\"ImageObject\",\"inLanguage\":\"es\",\"@id\":\"https:\/\/www.casadefulo.com.br\/#\/schema\/logo\/image\/\",\"url\":\"http:\/\/www.casadefulo.com.br\/cms\/wp-content\/uploads\/2017\/06\/casadefulo-thumbnail.jpg\",\"contentUrl\":\"http:\/\/www.casadefulo.com.br\/cms\/wp-content\/uploads\/2017\/06\/casadefulo-thumbnail.jpg\",\"width\":280,\"height\":280,\"caption\":\"Casa de Ful\u00f4 Prod\"},\"image\":{\"@id\":\"https:\/\/www.casadefulo.com.br\/#\/schema\/logo\/image\/\"}},{\"@type\":\"Person\",\"@id\":\"https:\/\/www.casadefulo.com.br\/#\/schema\/person\/c233d91344bd4b41b4f404df083a625e\",\"name\":\"Casa de Ful\u00f4 Admin\",\"image\":{\"@type\":\"ImageObject\",\"inLanguage\":\"es\",\"@id\":\"https:\/\/www.casadefulo.com.br\/#\/schema\/person\/image\/\",\"url\":\"https:\/\/secure.gravatar.com\/avatar\/b82165758f363861299571b55794455cc20fefc2e03e2bc3051904784a7443c1?s=96&d=mm&r=g\",\"contentUrl\":\"https:\/\/secure.gravatar.com\/avatar\/b82165758f363861299571b55794455cc20fefc2e03e2bc3051904784a7443c1?s=96&d=mm&r=g\",\"caption\":\"Casa de Ful\u00f4 Admin\"}}]}<\/script>\n<!-- \/ Yoast SEO plugin. -->","yoast_head_json":{"title":"Luedji Luna &raquo; Casa de Ful\u00f4","robots":{"index":"index","follow":"follow","max-snippet":"max-snippet:-1","max-image-preview":"max-image-preview:large","max-video-preview":"max-video-preview:-1"},"canonical":"http:\/\/www.casadefulo.com.br\/es\/luedji-luna\/","og_locale":"es_ES","og_type":"article","og_title":"Luedji Luna &raquo; Casa de Ful\u00f4","og_description":"El indomable sonido de la artista afrobrasile\u00f1a Luedji Luna vuelva a Europa en primavera\/verano de 2024.&nbsp; Luedji es una fuerza fascinante y espiritual. Considerada una sensaci\u00f3n de la m\u00fasica brasile\u00f1a, ella se destaca en la escena musical mezclando sonidos de tambores bahianos y africanos con jazz elegante y atrevido. La cantante presenta su concierto \u201cBom [&hellip;]","og_url":"http:\/\/www.casadefulo.com.br\/es\/luedji-luna\/","og_site_name":"Casa de Ful\u00f4","article_publisher":"https:\/\/www.facebook.com\/CasaDeFuloProducoes","article_published_time":"2020-02-27T23:11:49+00:00","article_modified_time":"2023-10-11T13:45:23+00:00","og_image":[{"width":280,"height":280,"url":"http:\/\/www.casadefulo.com.br\/cms\/wp-content\/uploads\/2020\/02\/luedjiluna-roster2024peq.png","type":"image\/png"}],"author":"Casa de Ful\u00f4 Admin","twitter_card":"summary_large_image","twitter_misc":{"Escrito por":"Casa de Ful\u00f4 Admin","Tiempo de lectura":"1 minuto"},"schema":{"@context":"https:\/\/schema.org","@graph":[{"@type":"Article","@id":"http:\/\/www.casadefulo.com.br\/es\/luedji-luna\/#article","isPartOf":{"@id":"http:\/\/www.casadefulo.com.br\/es\/luedji-luna\/"},"author":{"name":"Casa de Ful\u00f4 Admin","@id":"https:\/\/www.casadefulo.com.br\/#\/schema\/person\/c233d91344bd4b41b4f404df083a625e"},"headline":"Luedji Luna","datePublished":"2020-02-27T23:11:49+00:00","dateModified":"2023-10-11T13:45:23+00:00","mainEntityOfPage":{"@id":"http:\/\/www.casadefulo.com.br\/es\/luedji-luna\/"},"wordCount":175,"commentCount":0,"publisher":{"@id":"https:\/\/www.casadefulo.com.br\/#organization"},"articleSection":["Artistas"],"inLanguage":"es","potentialAction":[{"@type":"CommentAction","name":"Comment","target":["http:\/\/www.casadefulo.com.br\/es\/luedji-luna\/#respond"]}]},{"@type":"WebPage","@id":"http:\/\/www.casadefulo.com.br\/es\/luedji-luna\/","url":"http:\/\/www.casadefulo.com.br\/es\/luedji-luna\/","name":"Luedji Luna &raquo; Casa de Ful\u00f4","isPartOf":{"@id":"https:\/\/www.casadefulo.com.br\/#website"},"datePublished":"2020-02-27T23:11:49+00:00","dateModified":"2023-10-11T13:45:23+00:00","breadcrumb":{"@id":"http:\/\/www.casadefulo.com.br\/es\/luedji-luna\/#breadcrumb"},"inLanguage":"es","potentialAction":[{"@type":"ReadAction","target":["http:\/\/www.casadefulo.com.br\/es\/luedji-luna\/"]}]},{"@type":"BreadcrumbList","@id":"http:\/\/www.casadefulo.com.br\/es\/luedji-luna\/#breadcrumb","itemListElement":[{"@type":"ListItem","position":1,"name":"In\u00edcio","item":"http:\/\/www.casadefulo.com.br\/es\/"},{"@type":"ListItem","position":2,"name":"Luedji Luna"}]},{"@type":"WebSite","@id":"https:\/\/www.casadefulo.com.br\/#website","url":"https:\/\/www.casadefulo.com.br\/","name":"Casa de Ful\u00f4","description":"","publisher":{"@id":"https:\/\/www.casadefulo.com.br\/#organization"},"potentialAction":[{"@type":"SearchAction","target":{"@type":"EntryPoint","urlTemplate":"https:\/\/www.casadefulo.com.br\/?s={search_term_string}"},"query-input":"required name=search_term_string"}],"inLanguage":"es"},{"@type":"Organization","@id":"https:\/\/www.casadefulo.com.br\/#organization","name":"Casa de Ful\u00f4 Prod","url":"https:\/\/www.casadefulo.com.br\/","sameAs":["https:\/\/www.instagram.com\/casadefuloprod","https:\/\/www.facebook.com\/CasaDeFuloProducoes"],"logo":{"@type":"ImageObject","inLanguage":"es","@id":"https:\/\/www.casadefulo.com.br\/#\/schema\/logo\/image\/","url":"http:\/\/www.casadefulo.com.br\/cms\/wp-content\/uploads\/2017\/06\/casadefulo-thumbnail.jpg","contentUrl":"http:\/\/www.casadefulo.com.br\/cms\/wp-content\/uploads\/2017\/06\/casadefulo-thumbnail.jpg","width":280,"height":280,"caption":"Casa de Ful\u00f4 Prod"},"image":{"@id":"https:\/\/www.casadefulo.com.br\/#\/schema\/logo\/image\/"}},{"@type":"Person","@id":"https:\/\/www.casadefulo.com.br\/#\/schema\/person\/c233d91344bd4b41b4f404df083a625e","name":"Casa de Ful\u00f4 Admin","image":{"@type":"ImageObject","inLanguage":"es","@id":"https:\/\/www.casadefulo.com.br\/#\/schema\/person\/image\/","url":"https:\/\/secure.gravatar.com\/avatar\/b82165758f363861299571b55794455cc20fefc2e03e2bc3051904784a7443c1?s=96&d=mm&r=g","contentUrl":"https:\/\/secure.gravatar.com\/avatar\/b82165758f363861299571b55794455cc20fefc2e03e2bc3051904784a7443c1?s=96&d=mm&r=g","caption":"Casa de Ful\u00f4 Admin"}}]}},"_links":{"self":[{"href":"http:\/\/www.casadefulo.com.br\/es\/wp-json\/wp\/v2\/posts\/4221","targetHints":{"allow":["GET"]}}],"collection":[{"href":"http:\/\/www.casadefulo.com.br\/es\/wp-json\/wp\/v2\/posts"}],"about":[{"href":"http:\/\/www.casadefulo.com.br\/es\/wp-json\/wp\/v2\/types\/post"}],"author":[{"embeddable":true,"href":"http:\/\/www.casadefulo.com.br\/es\/wp-json\/wp\/v2\/users\/1"}],"replies":[{"embeddable":true,"href":"http:\/\/www.casadefulo.com.br\/es\/wp-json\/wp\/v2\/comments?post=4221"}],"version-history":[{"count":12,"href":"http:\/\/www.casadefulo.com.br\/es\/wp-json\/wp\/v2\/posts\/4221\/revisions"}],"predecessor-version":[{"id":4525,"href":"http:\/\/www.casadefulo.com.br\/es\/wp-json\/wp\/v2\/posts\/4221\/revisions\/4525"}],"wp:featuredmedia":[{"embeddable":true,"href":"http:\/\/www.casadefulo.com.br\/es\/wp-json\/wp\/v2\/media\/4511"}],"wp:attachment":[{"href":"http:\/\/www.casadefulo.com.br\/es\/wp-json\/wp\/v2\/media?parent=4221"}],"wp:term":[{"taxonomy":"category","embeddable":true,"href":"http:\/\/www.casadefulo.com.br\/es\/wp-json\/wp\/v2\/categories?post=4221"},{"taxonomy":"post_tag","embeddable":true,"href":"http:\/\/www.casadefulo.com.br\/es\/wp-json\/wp\/v2\/tags?post=4221"}],"curies":[{"name":"wp","href":"https:\/\/api.w.org\/{rel}","templated":true}]}}