{"id":3868,"date":"2020-01-16T00:09:21","date_gmt":"2020-01-16T03:09:21","guid":{"rendered":"http:\/\/www.casadefulo.com.br\/cms\/kinds-of-the-rocks\/"},"modified":"2023-10-18T09:17:59","modified_gmt":"2023-10-18T12:17:59","slug":"iberoexperia","status":"publish","type":"post","link":"http:\/\/www.casadefulo.com.br\/es\/iberoexperia\/","title":{"rendered":"IBEROEXPERIA"},"content":{"rendered":"<p><iframe loading=\"lazy\" title=\"After movie IBEROEXPERIA 2022\" width=\"500\" height=\"281\" src=\"https:\/\/www.youtube.com\/embed\/a3u_go2ggUU?feature=oembed\" frameborder=\"0\" allow=\"accelerometer; autoplay; clipboard-write; encrypted-media; gyroscope; picture-in-picture; web-share\" referrerpolicy=\"strict-origin-when-cross-origin\" allowfullscreen><\/iframe><\/p>\n<p><strong>Festival IBEROEXPERIA<\/strong><\/p>\n<p>\u00a1Volveremos con m\u00e1s informaci\u00f3n de la pr\u00f3xima edici\u00f3n!<\/p>\n<!-- index.php -->\n<div\n\tclass=\"ngg-galleryoverview ngg-ajax-pagination-none\"\n\tid=\"ngg-gallery-64c0fdf439d39855a6355e0050d37c37-1\">\n\n    \t\t<!-- Thumbnails -->\n\t\t\t\t<div id=\"ngg-image-0\" class=\"ngg-gallery-thumbnail-box\" >\n\t\t\t\t        <div class=\"ngg-gallery-thumbnail\">\n            <a href=\"http:\/\/www.casadefulo.com.br\/cms\/wp-content\/gallery\/iberoexperia\/Esferas-para-lanzar-al-publico-LATAM-la-buena.jpg\"\n               title=\"\"\n               data-src=\"http:\/\/www.casadefulo.com.br\/cms\/wp-content\/gallery\/iberoexperia\/Esferas-para-lanzar-al-publico-LATAM-la-buena.jpg\"\n               data-thumbnail=\"http:\/\/www.casadefulo.com.br\/cms\/wp-content\/gallery\/iberoexperia\/thumbs\/thumbs_Esferas-para-lanzar-al-publico-LATAM-la-buena.jpg\"\n               data-image-id=\"477\"\n               data-title=\"Esferas-para-lanzar-al-publico-LATAM-la-buena\"\n               data-description=\"\"\n               data-image-slug=\"esferas-para-lanzar-al-publico-latam-la-buena\"\n               class=\"ngg-fancybox\" rel=\"64c0fdf439d39855a6355e0050d37c37\">\n                <img\n                    title=\"Esferas-para-lanzar-al-publico-LATAM-la-buena\"\n                    alt=\"Esferas-para-lanzar-al-publico-LATAM-la-buena\"\n                    src=\"http:\/\/www.casadefulo.com.br\/cms\/wp-content\/gallery\/iberoexperia\/thumbs\/thumbs_Esferas-para-lanzar-al-publico-LATAM-la-buena.jpg\"\n                    width=\"240\"\n                    height=\"160\"\n                    style=\"max-width:100%;\"\n                \/>\n            <\/a>\n        <\/div>\n\t\t\t\t\t\t\t<\/div> \n\t\t\t\n        \n\t\t\t\t<div id=\"ngg-image-1\" class=\"ngg-gallery-thumbnail-box\" >\n\t\t\t\t        <div class=\"ngg-gallery-thumbnail\">\n            <a href=\"http:\/\/www.casadefulo.com.br\/cms\/wp-content\/gallery\/iberoexperia\/show-cooking-Tomas-Bartesaghi-y-zancudo.jpg\"\n               title=\"\"\n               data-src=\"http:\/\/www.casadefulo.com.br\/cms\/wp-content\/gallery\/iberoexperia\/show-cooking-Tomas-Bartesaghi-y-zancudo.jpg\"\n               data-thumbnail=\"http:\/\/www.casadefulo.com.br\/cms\/wp-content\/gallery\/iberoexperia\/thumbs\/thumbs_show-cooking-Tomas-Bartesaghi-y-zancudo.jpg\"\n               data-image-id=\"478\"\n               data-title=\"show-cooking-Tomas-Bartesaghi-y-zancudo\"\n               data-description=\"\"\n               data-image-slug=\"show-cooking-tomas-bartesaghi-y-zancudo\"\n               class=\"ngg-fancybox\" rel=\"64c0fdf439d39855a6355e0050d37c37\">\n                <img\n                    title=\"show-cooking-Tomas-Bartesaghi-y-zancudo\"\n                    alt=\"show-cooking-Tomas-Bartesaghi-y-zancudo\"\n                    src=\"http:\/\/www.casadefulo.com.br\/cms\/wp-content\/gallery\/iberoexperia\/thumbs\/thumbs_show-cooking-Tomas-Bartesaghi-y-zancudo.jpg\"\n                    width=\"240\"\n                    height=\"160\"\n                    style=\"max-width:100%;\"\n                \/>\n            <\/a>\n        <\/div>\n\t\t\t\t\t\t\t<\/div> \n\t\t\t\n        \n\t\t\t\t<div id=\"ngg-image-2\" class=\"ngg-gallery-thumbnail-box\" >\n\t\t\t\t        <div class=\"ngg-gallery-thumbnail\">\n            <a href=\"http:\/\/www.casadefulo.com.br\/cms\/wp-content\/gallery\/iberoexperia\/Systema-Solarr.jpg\"\n               title=\"\"\n               data-src=\"http:\/\/www.casadefulo.com.br\/cms\/wp-content\/gallery\/iberoexperia\/Systema-Solarr.jpg\"\n               data-thumbnail=\"http:\/\/www.casadefulo.com.br\/cms\/wp-content\/gallery\/iberoexperia\/thumbs\/thumbs_Systema-Solarr.jpg\"\n               data-image-id=\"479\"\n               data-title=\"Systema-Solarr\"\n               data-description=\"\"\n               data-image-slug=\"systema-solarr\"\n               class=\"ngg-fancybox\" rel=\"64c0fdf439d39855a6355e0050d37c37\">\n                <img\n                    title=\"Systema-Solarr\"\n                    alt=\"Systema-Solarr\"\n                    src=\"http:\/\/www.casadefulo.com.br\/cms\/wp-content\/gallery\/iberoexperia\/thumbs\/thumbs_Systema-Solarr.jpg\"\n                    width=\"240\"\n                    height=\"160\"\n                    style=\"max-width:100%;\"\n                \/>\n            <\/a>\n        <\/div>\n\t\t\t\t\t\t\t<\/div> \n\t\t\t\n        \n\t\t\t\t<div id=\"ngg-image-3\" class=\"ngg-gallery-thumbnail-box\" >\n\t\t\t\t        <div class=\"ngg-gallery-thumbnail\">\n            <a href=\"http:\/\/www.casadefulo.com.br\/cms\/wp-content\/gallery\/iberoexperia\/Entrada-y-lounge-LATAM.JPG\"\n               title=\"\"\n               data-src=\"http:\/\/www.casadefulo.com.br\/cms\/wp-content\/gallery\/iberoexperia\/Entrada-y-lounge-LATAM.JPG\"\n               data-thumbnail=\"http:\/\/www.casadefulo.com.br\/cms\/wp-content\/gallery\/iberoexperia\/thumbs\/thumbs_Entrada-y-lounge-LATAM.JPG\"\n               data-image-id=\"480\"\n               data-title=\"Entrada-y-lounge-LATAM\"\n               data-description=\"\"\n               data-image-slug=\"entrada-y-lounge-latam\"\n               class=\"ngg-fancybox\" rel=\"64c0fdf439d39855a6355e0050d37c37\">\n                <img\n                    title=\"Entrada-y-lounge-LATAM\"\n                    alt=\"Entrada-y-lounge-LATAM\"\n                    src=\"http:\/\/www.casadefulo.com.br\/cms\/wp-content\/gallery\/iberoexperia\/thumbs\/thumbs_Entrada-y-lounge-LATAM.JPG\"\n                    width=\"240\"\n                    height=\"160\"\n                    style=\"max-width:100%;\"\n                \/>\n            <\/a>\n        <\/div>\n\t\t\t\t\t\t\t<\/div> \n\t\t\t\n        \n\t\t\t\t<div id=\"ngg-image-4\" class=\"ngg-gallery-thumbnail-box\" >\n\t\t\t\t        <div class=\"ngg-gallery-thumbnail\">\n            <a href=\"http:\/\/www.casadefulo.com.br\/cms\/wp-content\/gallery\/iberoexperia\/ESCENARIO-PRINCIPAL-latamm.jpg\"\n               title=\"\"\n               data-src=\"http:\/\/www.casadefulo.com.br\/cms\/wp-content\/gallery\/iberoexperia\/ESCENARIO-PRINCIPAL-latamm.jpg\"\n               data-thumbnail=\"http:\/\/www.casadefulo.com.br\/cms\/wp-content\/gallery\/iberoexperia\/thumbs\/thumbs_ESCENARIO-PRINCIPAL-latamm.jpg\"\n               data-image-id=\"481\"\n               data-title=\"ESCENARIO-PRINCIPAL-latamm\"\n               data-description=\"\"\n               data-image-slug=\"escenario-principal-latamm\"\n               class=\"ngg-fancybox\" rel=\"64c0fdf439d39855a6355e0050d37c37\">\n                <img\n                    title=\"ESCENARIO-PRINCIPAL-latamm\"\n                    alt=\"ESCENARIO-PRINCIPAL-latamm\"\n                    src=\"http:\/\/www.casadefulo.com.br\/cms\/wp-content\/gallery\/iberoexperia\/thumbs\/thumbs_ESCENARIO-PRINCIPAL-latamm.jpg\"\n                    width=\"240\"\n                    height=\"160\"\n                    style=\"max-width:100%;\"\n                \/>\n            <\/a>\n        <\/div>\n\t\t\t\t\t\t\t<\/div> \n\t\t\t\n        \n\t\t\t\t<div id=\"ngg-image-5\" class=\"ngg-gallery-thumbnail-box\" >\n\t\t\t\t        <div class=\"ngg-gallery-thumbnail\">\n            <a href=\"http:\/\/www.casadefulo.com.br\/cms\/wp-content\/gallery\/iberoexperia\/concierto-Eskorzo-publico-.-la-buenaaa.jpg\"\n               title=\"\"\n               data-src=\"http:\/\/www.casadefulo.com.br\/cms\/wp-content\/gallery\/iberoexperia\/concierto-Eskorzo-publico-.-la-buenaaa.jpg\"\n               data-thumbnail=\"http:\/\/www.casadefulo.com.br\/cms\/wp-content\/gallery\/iberoexperia\/thumbs\/thumbs_concierto-Eskorzo-publico-.-la-buenaaa.jpg\"\n               data-image-id=\"482\"\n               data-title=\"concierto-Eskorzo-publico-.-la-buenaaa\"\n               data-description=\"\"\n               data-image-slug=\"concierto-eskorzo-publico-la-buenaaa\"\n               class=\"ngg-fancybox\" rel=\"64c0fdf439d39855a6355e0050d37c37\">\n                <img\n                    title=\"concierto-Eskorzo-publico-.-la-buenaaa\"\n                    alt=\"concierto-Eskorzo-publico-.-la-buenaaa\"\n                    src=\"http:\/\/www.casadefulo.com.br\/cms\/wp-content\/gallery\/iberoexperia\/thumbs\/thumbs_concierto-Eskorzo-publico-.-la-buenaaa.jpg\"\n                    width=\"240\"\n                    height=\"160\"\n                    style=\"max-width:100%;\"\n                \/>\n            <\/a>\n        <\/div>\n\t\t\t\t\t\t\t<\/div> \n\t\t\t\n        \n\t\t\t\t<div id=\"ngg-image-6\" class=\"ngg-gallery-thumbnail-box\" >\n\t\t\t\t        <div class=\"ngg-gallery-thumbnail\">\n            <a href=\"http:\/\/www.casadefulo.com.br\/cms\/wp-content\/gallery\/iberoexperia\/Zancudos-Sorteo-LATAM-show-cooking-Tomas-Bartesaghi-2.JPG\"\n               title=\"\"\n               data-src=\"http:\/\/www.casadefulo.com.br\/cms\/wp-content\/gallery\/iberoexperia\/Zancudos-Sorteo-LATAM-show-cooking-Tomas-Bartesaghi-2.JPG\"\n               data-thumbnail=\"http:\/\/www.casadefulo.com.br\/cms\/wp-content\/gallery\/iberoexperia\/thumbs\/thumbs_Zancudos-Sorteo-LATAM-show-cooking-Tomas-Bartesaghi-2.JPG\"\n               data-image-id=\"483\"\n               data-title=\"Zancudos-Sorteo-LATAM-show-cooking-Tomas-Bartesaghi-2\"\n               data-description=\"\"\n               data-image-slug=\"zancudos-sorteo-latam-show-cooking-tomas-bartesaghi-2\"\n               class=\"ngg-fancybox\" rel=\"64c0fdf439d39855a6355e0050d37c37\">\n                <img\n                    title=\"Zancudos-Sorteo-LATAM-show-cooking-Tomas-Bartesaghi-2\"\n                    alt=\"Zancudos-Sorteo-LATAM-show-cooking-Tomas-Bartesaghi-2\"\n                    src=\"http:\/\/www.casadefulo.com.br\/cms\/wp-content\/gallery\/iberoexperia\/thumbs\/thumbs_Zancudos-Sorteo-LATAM-show-cooking-Tomas-Bartesaghi-2.JPG\"\n                    width=\"240\"\n                    height=\"160\"\n                    style=\"max-width:100%;\"\n                \/>\n            <\/a>\n        <\/div>\n\t\t\t\t\t\t\t<\/div> \n\t\t\t\n        \n\t\t\t\t<div id=\"ngg-image-7\" class=\"ngg-gallery-thumbnail-box\" >\n\t\t\t\t        <div class=\"ngg-gallery-thumbnail\">\n            <a href=\"http:\/\/www.casadefulo.com.br\/cms\/wp-content\/gallery\/iberoexperia\/Zona-gastronomica.jpg\"\n               title=\"\"\n               data-src=\"http:\/\/www.casadefulo.com.br\/cms\/wp-content\/gallery\/iberoexperia\/Zona-gastronomica.jpg\"\n               data-thumbnail=\"http:\/\/www.casadefulo.com.br\/cms\/wp-content\/gallery\/iberoexperia\/thumbs\/thumbs_Zona-gastronomica.jpg\"\n               data-image-id=\"484\"\n               data-title=\"Zona-gastronomica\"\n               data-description=\"\"\n               data-image-slug=\"zona-gastronomica\"\n               class=\"ngg-fancybox\" rel=\"64c0fdf439d39855a6355e0050d37c37\">\n                <img\n                    title=\"Zona-gastronomica\"\n                    alt=\"Zona-gastronomica\"\n                    src=\"http:\/\/www.casadefulo.com.br\/cms\/wp-content\/gallery\/iberoexperia\/thumbs\/thumbs_Zona-gastronomica.jpg\"\n                    width=\"240\"\n                    height=\"160\"\n                    style=\"max-width:100%;\"\n                \/>\n            <\/a>\n        <\/div>\n\t\t\t\t\t\t\t<\/div> \n\t\t\t\n        \n\t\t\t\t<div id=\"ngg-image-8\" class=\"ngg-gallery-thumbnail-box\" >\n\t\t\t\t        <div class=\"ngg-gallery-thumbnail\">\n            <a href=\"http:\/\/www.casadefulo.com.br\/cms\/wp-content\/gallery\/iberoexperia\/concierto-la-yegros-mascarados-percusion.JPG\"\n               title=\"\"\n               data-src=\"http:\/\/www.casadefulo.com.br\/cms\/wp-content\/gallery\/iberoexperia\/concierto-la-yegros-mascarados-percusion.JPG\"\n               data-thumbnail=\"http:\/\/www.casadefulo.com.br\/cms\/wp-content\/gallery\/iberoexperia\/thumbs\/thumbs_concierto-la-yegros-mascarados-percusion.JPG\"\n               data-image-id=\"485\"\n               data-title=\"concierto-la-yegros-mascarados-percusion\"\n               data-description=\"\"\n               data-image-slug=\"concierto-la-yegros-mascarados-percusion\"\n               class=\"ngg-fancybox\" rel=\"64c0fdf439d39855a6355e0050d37c37\">\n                <img\n                    title=\"concierto-la-yegros-mascarados-percusion\"\n                    alt=\"concierto-la-yegros-mascarados-percusion\"\n                    src=\"http:\/\/www.casadefulo.com.br\/cms\/wp-content\/gallery\/iberoexperia\/thumbs\/thumbs_concierto-la-yegros-mascarados-percusion.JPG\"\n                    width=\"240\"\n                    height=\"160\"\n                    style=\"max-width:100%;\"\n                \/>\n            <\/a>\n        <\/div>\n\t\t\t\t\t\t\t<\/div> \n\t\t\t\n        \n\t\t\t\t<div id=\"ngg-image-9\" class=\"ngg-gallery-thumbnail-box\" >\n\t\t\t\t        <div class=\"ngg-gallery-thumbnail\">\n            <a href=\"http:\/\/www.casadefulo.com.br\/cms\/wp-content\/gallery\/iberoexperia\/zona-gastronomica-y-escenario-DJs.JPG\"\n               title=\"\"\n               data-src=\"http:\/\/www.casadefulo.com.br\/cms\/wp-content\/gallery\/iberoexperia\/zona-gastronomica-y-escenario-DJs.JPG\"\n               data-thumbnail=\"http:\/\/www.casadefulo.com.br\/cms\/wp-content\/gallery\/iberoexperia\/thumbs\/thumbs_zona-gastronomica-y-escenario-DJs.JPG\"\n               data-image-id=\"486\"\n               data-title=\"zona-gastronomica-y-escenario-DJs\"\n               data-description=\"\"\n               data-image-slug=\"zona-gastronomica-y-escenario-djs\"\n               class=\"ngg-fancybox\" rel=\"64c0fdf439d39855a6355e0050d37c37\">\n                <img\n                    title=\"zona-gastronomica-y-escenario-DJs\"\n                    alt=\"zona-gastronomica-y-escenario-DJs\"\n                    src=\"http:\/\/www.casadefulo.com.br\/cms\/wp-content\/gallery\/iberoexperia\/thumbs\/thumbs_zona-gastronomica-y-escenario-DJs.JPG\"\n                    width=\"240\"\n                    height=\"160\"\n                    style=\"max-width:100%;\"\n                \/>\n            <\/a>\n        <\/div>\n\t\t\t\t\t\t\t<\/div> \n\t\t\t\n        \n\t\t\t\t<div id=\"ngg-image-10\" class=\"ngg-gallery-thumbnail-box\" >\n\t\t\t\t        <div class=\"ngg-gallery-thumbnail\">\n            <a href=\"http:\/\/www.casadefulo.com.br\/cms\/wp-content\/gallery\/iberoexperia\/Escenario-Principal-LATAM.JPG\"\n               title=\"\"\n               data-src=\"http:\/\/www.casadefulo.com.br\/cms\/wp-content\/gallery\/iberoexperia\/Escenario-Principal-LATAM.JPG\"\n               data-thumbnail=\"http:\/\/www.casadefulo.com.br\/cms\/wp-content\/gallery\/iberoexperia\/thumbs\/thumbs_Escenario-Principal-LATAM.JPG\"\n               data-image-id=\"487\"\n               data-title=\"Escenario-Principal-LATAM\"\n               data-description=\"\"\n               data-image-slug=\"escenario-principal-latam\"\n               class=\"ngg-fancybox\" rel=\"64c0fdf439d39855a6355e0050d37c37\">\n                <img\n                    title=\"Escenario-Principal-LATAM\"\n                    alt=\"Escenario-Principal-LATAM\"\n                    src=\"http:\/\/www.casadefulo.com.br\/cms\/wp-content\/gallery\/iberoexperia\/thumbs\/thumbs_Escenario-Principal-LATAM.JPG\"\n                    width=\"240\"\n                    height=\"160\"\n                    style=\"max-width:100%;\"\n                \/>\n            <\/a>\n        <\/div>\n\t\t\t\t\t\t\t<\/div> \n\t\t\t\n        \n\t\t\n\t\t<div class=\"ngg-clear\"><\/div>\n\t<\/div>\n\n","protected":false},"excerpt":{"rendered":"<p>Festival IBEROEXPERIA \u00a1Volveremos con m\u00e1s informaci\u00f3n de la pr\u00f3xima edici\u00f3n! &nbsp;<\/p>\n","protected":false},"author":1,"featured_media":4351,"comment_status":"open","ping_status":"open","sticky":false,"template":"","format":"standard","meta":{"ngg_post_thumbnail":0,"footnotes":""},"categories":[69],"tags":[],"class_list":["post-3868","post","type-post","status-publish","format-standard","has-post-thumbnail","hentry","category-festivales"],"yoast_head":"<!-- This site is optimized with the Yoast SEO plugin v19.8 - https:\/\/yoast.com\/wordpress\/plugins\/seo\/ -->\n<title>IBEROEXPERIA &raquo; Casa de Ful\u00f4<\/title>\n<meta name=\"description\" content=\"El festival IBEROEXPERIA presenta un panorama de la m\u00fasica, la gastronom\u00eda y la diversidad de Iberoam\u00e9rica. En los d\u00edas 19 y 20 de mayo de 2023, IBEROEXPERIA vuelve a poner Madrid para bailar con la mejor escena actual iberoamericana.\" \/>\n<meta name=\"robots\" content=\"index, follow, max-snippet:-1, max-image-preview:large, max-video-preview:-1\" \/>\n<link rel=\"canonical\" href=\"http:\/\/www.casadefulo.com.br\/es\/iberoexperia\/\" \/>\n<meta property=\"og:locale\" content=\"es_ES\" \/>\n<meta property=\"og:type\" content=\"article\" \/>\n<meta property=\"og:title\" content=\"IBEROEXPERIA &raquo; Casa de Ful\u00f4\" \/>\n<meta property=\"og:description\" content=\"El festival IBEROEXPERIA presenta un panorama de la m\u00fasica, la gastronom\u00eda y la diversidad de Iberoam\u00e9rica. En los d\u00edas 19 y 20 de mayo de 2023, IBEROEXPERIA vuelve a poner Madrid para bailar con la mejor escena actual iberoamericana.\" \/>\n<meta property=\"og:url\" content=\"http:\/\/www.casadefulo.com.br\/es\/iberoexperia\/\" \/>\n<meta property=\"og:site_name\" content=\"Casa de Ful\u00f4\" \/>\n<meta property=\"article:publisher\" content=\"https:\/\/www.facebook.com\/CasaDeFuloProducoes\" \/>\n<meta property=\"article:published_time\" content=\"2020-01-16T03:09:21+00:00\" \/>\n<meta property=\"article:modified_time\" content=\"2023-10-18T12:17:59+00:00\" \/>\n<meta property=\"og:image\" content=\"http:\/\/www.casadefulo.com.br\/cms\/wp-content\/uploads\/2020\/01\/cartel_1080x1080-02-e1665742271128.jpg\" \/>\n\t<meta property=\"og:image:width\" content=\"967\" \/>\n\t<meta property=\"og:image:height\" content=\"343\" \/>\n\t<meta property=\"og:image:type\" content=\"image\/jpeg\" \/>\n<meta name=\"author\" content=\"Casa de Ful\u00f4 Admin\" \/>\n<meta name=\"twitter:card\" content=\"summary_large_image\" \/>\n<meta name=\"twitter:label1\" content=\"Escrito por\" \/>\n\t<meta name=\"twitter:data1\" content=\"Casa de Ful\u00f4 Admin\" \/>\n\t<meta name=\"twitter:label2\" content=\"Tiempo de lectura\" \/>\n\t<meta name=\"twitter:data2\" content=\"1 minuto\" \/>\n<script type=\"application\/ld+json\" class=\"yoast-schema-graph\">{\"@context\":\"https:\/\/schema.org\",\"@graph\":[{\"@type\":\"Article\",\"@id\":\"http:\/\/www.casadefulo.com.br\/es\/iberoexperia\/#article\",\"isPartOf\":{\"@id\":\"http:\/\/www.casadefulo.com.br\/es\/iberoexperia\/\"},\"author\":{\"name\":\"Casa de Ful\u00f4 Admin\",\"@id\":\"https:\/\/www.casadefulo.com.br\/#\/schema\/person\/c233d91344bd4b41b4f404df083a625e\"},\"headline\":\"IBEROEXPERIA\",\"datePublished\":\"2020-01-16T03:09:21+00:00\",\"dateModified\":\"2023-10-18T12:17:59+00:00\",\"mainEntityOfPage\":{\"@id\":\"http:\/\/www.casadefulo.com.br\/es\/iberoexperia\/\"},\"wordCount\":35,\"commentCount\":0,\"publisher\":{\"@id\":\"https:\/\/www.casadefulo.com.br\/#organization\"},\"articleSection\":[\"Festivales\"],\"inLanguage\":\"es\",\"potentialAction\":[{\"@type\":\"CommentAction\",\"name\":\"Comment\",\"target\":[\"http:\/\/www.casadefulo.com.br\/es\/iberoexperia\/#respond\"]}]},{\"@type\":\"WebPage\",\"@id\":\"http:\/\/www.casadefulo.com.br\/es\/iberoexperia\/\",\"url\":\"http:\/\/www.casadefulo.com.br\/es\/iberoexperia\/\",\"name\":\"IBEROEXPERIA &raquo; Casa de Ful\u00f4\",\"isPartOf\":{\"@id\":\"https:\/\/www.casadefulo.com.br\/#website\"},\"datePublished\":\"2020-01-16T03:09:21+00:00\",\"dateModified\":\"2023-10-18T12:17:59+00:00\",\"description\":\"El festival IBEROEXPERIA presenta un panorama de la m\u00fasica, la gastronom\u00eda y la diversidad de Iberoam\u00e9rica. En los d\u00edas 19 y 20 de mayo de 2023, IBEROEXPERIA vuelve a poner Madrid para bailar con la mejor escena actual iberoamericana.\",\"breadcrumb\":{\"@id\":\"http:\/\/www.casadefulo.com.br\/es\/iberoexperia\/#breadcrumb\"},\"inLanguage\":\"es\",\"potentialAction\":[{\"@type\":\"ReadAction\",\"target\":[\"http:\/\/www.casadefulo.com.br\/es\/iberoexperia\/\"]}]},{\"@type\":\"BreadcrumbList\",\"@id\":\"http:\/\/www.casadefulo.com.br\/es\/iberoexperia\/#breadcrumb\",\"itemListElement\":[{\"@type\":\"ListItem\",\"position\":1,\"name\":\"In\u00edcio\",\"item\":\"http:\/\/www.casadefulo.com.br\/es\/\"},{\"@type\":\"ListItem\",\"position\":2,\"name\":\"IBEROEXPERIA\"}]},{\"@type\":\"WebSite\",\"@id\":\"https:\/\/www.casadefulo.com.br\/#website\",\"url\":\"https:\/\/www.casadefulo.com.br\/\",\"name\":\"Casa de Ful\u00f4\",\"description\":\"\",\"publisher\":{\"@id\":\"https:\/\/www.casadefulo.com.br\/#organization\"},\"potentialAction\":[{\"@type\":\"SearchAction\",\"target\":{\"@type\":\"EntryPoint\",\"urlTemplate\":\"https:\/\/www.casadefulo.com.br\/?s={search_term_string}\"},\"query-input\":\"required name=search_term_string\"}],\"inLanguage\":\"es\"},{\"@type\":\"Organization\",\"@id\":\"https:\/\/www.casadefulo.com.br\/#organization\",\"name\":\"Casa de Ful\u00f4 Prod\",\"url\":\"https:\/\/www.casadefulo.com.br\/\",\"sameAs\":[\"https:\/\/www.instagram.com\/casadefuloprod\",\"https:\/\/www.facebook.com\/CasaDeFuloProducoes\"],\"logo\":{\"@type\":\"ImageObject\",\"inLanguage\":\"es\",\"@id\":\"https:\/\/www.casadefulo.com.br\/#\/schema\/logo\/image\/\",\"url\":\"http:\/\/www.casadefulo.com.br\/cms\/wp-content\/uploads\/2017\/06\/casadefulo-thumbnail.jpg\",\"contentUrl\":\"http:\/\/www.casadefulo.com.br\/cms\/wp-content\/uploads\/2017\/06\/casadefulo-thumbnail.jpg\",\"width\":280,\"height\":280,\"caption\":\"Casa de Ful\u00f4 Prod\"},\"image\":{\"@id\":\"https:\/\/www.casadefulo.com.br\/#\/schema\/logo\/image\/\"}},{\"@type\":\"Person\",\"@id\":\"https:\/\/www.casadefulo.com.br\/#\/schema\/person\/c233d91344bd4b41b4f404df083a625e\",\"name\":\"Casa de Ful\u00f4 Admin\",\"image\":{\"@type\":\"ImageObject\",\"inLanguage\":\"es\",\"@id\":\"https:\/\/www.casadefulo.com.br\/#\/schema\/person\/image\/\",\"url\":\"https:\/\/secure.gravatar.com\/avatar\/b82165758f363861299571b55794455cc20fefc2e03e2bc3051904784a7443c1?s=96&d=mm&r=g\",\"contentUrl\":\"https:\/\/secure.gravatar.com\/avatar\/b82165758f363861299571b55794455cc20fefc2e03e2bc3051904784a7443c1?s=96&d=mm&r=g\",\"caption\":\"Casa de Ful\u00f4 Admin\"}}]}<\/script>\n<!-- \/ Yoast SEO plugin. -->","yoast_head_json":{"title":"IBEROEXPERIA &raquo; Casa de Ful\u00f4","description":"El festival IBEROEXPERIA presenta un panorama de la m\u00fasica, la gastronom\u00eda y la diversidad de Iberoam\u00e9rica. En los d\u00edas 19 y 20 de mayo de 2023, IBEROEXPERIA vuelve a poner Madrid para bailar con la mejor escena actual iberoamericana.","robots":{"index":"index","follow":"follow","max-snippet":"max-snippet:-1","max-image-preview":"max-image-preview:large","max-video-preview":"max-video-preview:-1"},"canonical":"http:\/\/www.casadefulo.com.br\/es\/iberoexperia\/","og_locale":"es_ES","og_type":"article","og_title":"IBEROEXPERIA &raquo; Casa de Ful\u00f4","og_description":"El festival IBEROEXPERIA presenta un panorama de la m\u00fasica, la gastronom\u00eda y la diversidad de Iberoam\u00e9rica. En los d\u00edas 19 y 20 de mayo de 2023, IBEROEXPERIA vuelve a poner Madrid para bailar con la mejor escena actual iberoamericana.","og_url":"http:\/\/www.casadefulo.com.br\/es\/iberoexperia\/","og_site_name":"Casa de Ful\u00f4","article_publisher":"https:\/\/www.facebook.com\/CasaDeFuloProducoes","article_published_time":"2020-01-16T03:09:21+00:00","article_modified_time":"2023-10-18T12:17:59+00:00","og_image":[{"width":967,"height":343,"url":"http:\/\/www.casadefulo.com.br\/cms\/wp-content\/uploads\/2020\/01\/cartel_1080x1080-02-e1665742271128.jpg","type":"image\/jpeg"}],"author":"Casa de Ful\u00f4 Admin","twitter_card":"summary_large_image","twitter_misc":{"Escrito por":"Casa de Ful\u00f4 Admin","Tiempo de lectura":"1 minuto"},"schema":{"@context":"https:\/\/schema.org","@graph":[{"@type":"Article","@id":"http:\/\/www.casadefulo.com.br\/es\/iberoexperia\/#article","isPartOf":{"@id":"http:\/\/www.casadefulo.com.br\/es\/iberoexperia\/"},"author":{"name":"Casa de Ful\u00f4 Admin","@id":"https:\/\/www.casadefulo.com.br\/#\/schema\/person\/c233d91344bd4b41b4f404df083a625e"},"headline":"IBEROEXPERIA","datePublished":"2020-01-16T03:09:21+00:00","dateModified":"2023-10-18T12:17:59+00:00","mainEntityOfPage":{"@id":"http:\/\/www.casadefulo.com.br\/es\/iberoexperia\/"},"wordCount":35,"commentCount":0,"publisher":{"@id":"https:\/\/www.casadefulo.com.br\/#organization"},"articleSection":["Festivales"],"inLanguage":"es","potentialAction":[{"@type":"CommentAction","name":"Comment","target":["http:\/\/www.casadefulo.com.br\/es\/iberoexperia\/#respond"]}]},{"@type":"WebPage","@id":"http:\/\/www.casadefulo.com.br\/es\/iberoexperia\/","url":"http:\/\/www.casadefulo.com.br\/es\/iberoexperia\/","name":"IBEROEXPERIA &raquo; Casa de Ful\u00f4","isPartOf":{"@id":"https:\/\/www.casadefulo.com.br\/#website"},"datePublished":"2020-01-16T03:09:21+00:00","dateModified":"2023-10-18T12:17:59+00:00","description":"El festival IBEROEXPERIA presenta un panorama de la m\u00fasica, la gastronom\u00eda y la diversidad de Iberoam\u00e9rica. En los d\u00edas 19 y 20 de mayo de 2023, IBEROEXPERIA vuelve a poner Madrid para bailar con la mejor escena actual iberoamericana.","breadcrumb":{"@id":"http:\/\/www.casadefulo.com.br\/es\/iberoexperia\/#breadcrumb"},"inLanguage":"es","potentialAction":[{"@type":"ReadAction","target":["http:\/\/www.casadefulo.com.br\/es\/iberoexperia\/"]}]},{"@type":"BreadcrumbList","@id":"http:\/\/www.casadefulo.com.br\/es\/iberoexperia\/#breadcrumb","itemListElement":[{"@type":"ListItem","position":1,"name":"In\u00edcio","item":"http:\/\/www.casadefulo.com.br\/es\/"},{"@type":"ListItem","position":2,"name":"IBEROEXPERIA"}]},{"@type":"WebSite","@id":"https:\/\/www.casadefulo.com.br\/#website","url":"https:\/\/www.casadefulo.com.br\/","name":"Casa de Ful\u00f4","description":"","publisher":{"@id":"https:\/\/www.casadefulo.com.br\/#organization"},"potentialAction":[{"@type":"SearchAction","target":{"@type":"EntryPoint","urlTemplate":"https:\/\/www.casadefulo.com.br\/?s={search_term_string}"},"query-input":"required name=search_term_string"}],"inLanguage":"es"},{"@type":"Organization","@id":"https:\/\/www.casadefulo.com.br\/#organization","name":"Casa de Ful\u00f4 Prod","url":"https:\/\/www.casadefulo.com.br\/","sameAs":["https:\/\/www.instagram.com\/casadefuloprod","https:\/\/www.facebook.com\/CasaDeFuloProducoes"],"logo":{"@type":"ImageObject","inLanguage":"es","@id":"https:\/\/www.casadefulo.com.br\/#\/schema\/logo\/image\/","url":"http:\/\/www.casadefulo.com.br\/cms\/wp-content\/uploads\/2017\/06\/casadefulo-thumbnail.jpg","contentUrl":"http:\/\/www.casadefulo.com.br\/cms\/wp-content\/uploads\/2017\/06\/casadefulo-thumbnail.jpg","width":280,"height":280,"caption":"Casa de Ful\u00f4 Prod"},"image":{"@id":"https:\/\/www.casadefulo.com.br\/#\/schema\/logo\/image\/"}},{"@type":"Person","@id":"https:\/\/www.casadefulo.com.br\/#\/schema\/person\/c233d91344bd4b41b4f404df083a625e","name":"Casa de Ful\u00f4 Admin","image":{"@type":"ImageObject","inLanguage":"es","@id":"https:\/\/www.casadefulo.com.br\/#\/schema\/person\/image\/","url":"https:\/\/secure.gravatar.com\/avatar\/b82165758f363861299571b55794455cc20fefc2e03e2bc3051904784a7443c1?s=96&d=mm&r=g","contentUrl":"https:\/\/secure.gravatar.com\/avatar\/b82165758f363861299571b55794455cc20fefc2e03e2bc3051904784a7443c1?s=96&d=mm&r=g","caption":"Casa de Ful\u00f4 Admin"}}]}},"_links":{"self":[{"href":"http:\/\/www.casadefulo.com.br\/es\/wp-json\/wp\/v2\/posts\/3868","targetHints":{"allow":["GET"]}}],"collection":[{"href":"http:\/\/www.casadefulo.com.br\/es\/wp-json\/wp\/v2\/posts"}],"about":[{"href":"http:\/\/www.casadefulo.com.br\/es\/wp-json\/wp\/v2\/types\/post"}],"author":[{"embeddable":true,"href":"http:\/\/www.casadefulo.com.br\/es\/wp-json\/wp\/v2\/users\/1"}],"replies":[{"embeddable":true,"href":"http:\/\/www.casadefulo.com.br\/es\/wp-json\/wp\/v2\/comments?post=3868"}],"version-history":[{"count":8,"href":"http:\/\/www.casadefulo.com.br\/es\/wp-json\/wp\/v2\/posts\/3868\/revisions"}],"predecessor-version":[{"id":4558,"href":"http:\/\/www.casadefulo.com.br\/es\/wp-json\/wp\/v2\/posts\/3868\/revisions\/4558"}],"wp:featuredmedia":[{"embeddable":true,"href":"http:\/\/www.casadefulo.com.br\/es\/wp-json\/wp\/v2\/media\/4351"}],"wp:attachment":[{"href":"http:\/\/www.casadefulo.com.br\/es\/wp-json\/wp\/v2\/media?parent=3868"}],"wp:term":[{"taxonomy":"category","embeddable":true,"href":"http:\/\/www.casadefulo.com.br\/es\/wp-json\/wp\/v2\/categories?post=3868"},{"taxonomy":"post_tag","embeddable":true,"href":"http:\/\/www.casadefulo.com.br\/es\/wp-json\/wp\/v2\/tags?post=3868"}],"curies":[{"name":"wp","href":"https:\/\/api.w.org\/{rel}","templated":true}]}}