{"id":3837,"date":"2017-07-01T13:53:23","date_gmt":"2017-07-01T16:53:23","guid":{"rendered":"http:\/\/www.casadefulo.com.br\/cms\/circuito-repique-do-tambor\/"},"modified":"2020-02-20T23:09:57","modified_gmt":"2020-02-21T02:09:57","slug":"repique-do-tambor","status":"publish","type":"post","link":"http:\/\/www.casadefulo.com.br\/es\/repique-do-tambor\/","title":{"rendered":"Repique do Tambor"},"content":{"rendered":"<p>Creada por Casa de Ful\u00f4 Prod, la primera edici\u00f3n del Repique do Tambor tuvo lugar en 2016, en Brasilia. Al reunir a grandes nombres del universo percusivo brasile\u00f1o, el Festival reuni\u00f3 a Olodum, Il\u00ea Aiy\u00ea, Raquel Coutinho, Andr\u00e9 Sampaio y Afromandinga, Ma\u00edra Freitas, B Neg\u00e3o, Marco Lobo y Mariene de Castro.<\/p>\n<p>El Circuito tambi\u00e9n tuvo talleres de ritmo con los m\u00e1s grandes Maestros del g\u00e9nero: Taller de Candombl\u00e9 con Ney de Oxosse (RJ); Congado con Maur\u00edcio Tizumba (MG); Maracatu con Mestre Walter de Fran\u00e7a, de Estrela Brilhante de Recife (PE) y Taller de percusi\u00f3n con Olodum (BA).<\/p>\n<p>Siendo el tambor universal y el agente de conexi\u00f3n de las aldeas mundiales, proponemos una inmersi\u00f3n profunda en la cultura popular, valorando, destacando y registrando nuestros ritmos, or\u00edgenes y tradiciones afrobrasile\u00f1as. Donde hay un ritmo de bater\u00eda, hay alegr\u00eda, color, magia, sonido, danza, ascendencia y sabidur\u00eda<\/p>\n","protected":false},"excerpt":{"rendered":"<p>Creada por Casa de Ful\u00f4 Prod, la primera edici\u00f3n del Repique do Tambor tuvo lugar en 2016, en Brasilia. Al reunir a grandes nombres del universo percusivo brasile\u00f1o, el Festival reuni\u00f3 a Olodum, Il\u00ea Aiy\u00ea, Raquel Coutinho, Andr\u00e9 Sampaio y Afromandinga, Ma\u00edra Freitas, B Neg\u00e3o, Marco Lobo y Mariene de Castro. El Circuito tambi\u00e9n tuvo [&hellip;]<\/p>\n","protected":false},"author":1,"featured_media":3839,"comment_status":"open","ping_status":"open","sticky":false,"template":"","format":"standard","meta":{"ngg_post_thumbnail":0,"footnotes":""},"categories":[69],"tags":[],"class_list":["post-3837","post","type-post","status-publish","format-standard","has-post-thumbnail","hentry","category-festivales"],"yoast_head":"<!-- This site is optimized with the Yoast SEO plugin v19.8 - https:\/\/yoast.com\/wordpress\/plugins\/seo\/ -->\n<title>Repique do Tambor &raquo; Casa de Ful\u00f4<\/title>\n<meta name=\"robots\" content=\"index, follow, max-snippet:-1, max-image-preview:large, max-video-preview:-1\" \/>\n<link rel=\"canonical\" href=\"http:\/\/www.casadefulo.com.br\/es\/repique-do-tambor\/\" \/>\n<meta property=\"og:locale\" content=\"es_ES\" \/>\n<meta property=\"og:type\" content=\"article\" \/>\n<meta property=\"og:title\" content=\"Repique do Tambor &raquo; Casa de Ful\u00f4\" \/>\n<meta property=\"og:description\" content=\"Creada por Casa de Ful\u00f4 Prod, la primera edici\u00f3n del Repique do Tambor tuvo lugar en 2016, en Brasilia. Al reunir a grandes nombres del universo percusivo brasile\u00f1o, el Festival reuni\u00f3 a Olodum, Il\u00ea Aiy\u00ea, Raquel Coutinho, Andr\u00e9 Sampaio y Afromandinga, Ma\u00edra Freitas, B Neg\u00e3o, Marco Lobo y Mariene de Castro. El Circuito tambi\u00e9n tuvo [&hellip;]\" \/>\n<meta property=\"og:url\" content=\"http:\/\/www.casadefulo.com.br\/es\/repique-do-tambor\/\" \/>\n<meta property=\"og:site_name\" content=\"Casa de Ful\u00f4\" \/>\n<meta property=\"article:publisher\" content=\"https:\/\/www.facebook.com\/CasaDeFuloProducoes\" \/>\n<meta property=\"article:published_time\" content=\"2017-07-01T16:53:23+00:00\" \/>\n<meta property=\"article:modified_time\" content=\"2020-02-21T02:09:57+00:00\" \/>\n<meta property=\"og:image\" content=\"http:\/\/www.casadefulo.com.br\/cms\/wp-content\/uploads\/2017\/07\/Repique-do-Tambor-Thumbnail-1.jpg\" \/>\n\t<meta property=\"og:image:width\" content=\"280\" \/>\n\t<meta property=\"og:image:height\" content=\"280\" \/>\n\t<meta property=\"og:image:type\" content=\"image\/jpeg\" \/>\n<meta name=\"author\" content=\"Casa de Ful\u00f4 Admin\" \/>\n<meta name=\"twitter:card\" content=\"summary_large_image\" \/>\n<meta name=\"twitter:label1\" content=\"Escrito por\" \/>\n\t<meta name=\"twitter:data1\" content=\"Casa de Ful\u00f4 Admin\" \/>\n\t<meta name=\"twitter:label2\" content=\"Tiempo de lectura\" \/>\n\t<meta name=\"twitter:data2\" content=\"1 minuto\" \/>\n<script type=\"application\/ld+json\" class=\"yoast-schema-graph\">{\"@context\":\"https:\/\/schema.org\",\"@graph\":[{\"@type\":\"Article\",\"@id\":\"http:\/\/www.casadefulo.com.br\/es\/repique-do-tambor\/#article\",\"isPartOf\":{\"@id\":\"http:\/\/www.casadefulo.com.br\/es\/repique-do-tambor\/\"},\"author\":{\"name\":\"Casa de Ful\u00f4 Admin\",\"@id\":\"https:\/\/www.casadefulo.com.br\/#\/schema\/person\/c233d91344bd4b41b4f404df083a625e\"},\"headline\":\"Repique do Tambor\",\"datePublished\":\"2017-07-01T16:53:23+00:00\",\"dateModified\":\"2020-02-21T02:09:57+00:00\",\"mainEntityOfPage\":{\"@id\":\"http:\/\/www.casadefulo.com.br\/es\/repique-do-tambor\/\"},\"wordCount\":162,\"commentCount\":0,\"publisher\":{\"@id\":\"https:\/\/www.casadefulo.com.br\/#organization\"},\"articleSection\":[\"Festivales\"],\"inLanguage\":\"es\",\"potentialAction\":[{\"@type\":\"CommentAction\",\"name\":\"Comment\",\"target\":[\"http:\/\/www.casadefulo.com.br\/es\/repique-do-tambor\/#respond\"]}]},{\"@type\":\"WebPage\",\"@id\":\"http:\/\/www.casadefulo.com.br\/es\/repique-do-tambor\/\",\"url\":\"http:\/\/www.casadefulo.com.br\/es\/repique-do-tambor\/\",\"name\":\"Repique do Tambor &raquo; Casa de Ful\u00f4\",\"isPartOf\":{\"@id\":\"https:\/\/www.casadefulo.com.br\/#website\"},\"datePublished\":\"2017-07-01T16:53:23+00:00\",\"dateModified\":\"2020-02-21T02:09:57+00:00\",\"breadcrumb\":{\"@id\":\"http:\/\/www.casadefulo.com.br\/es\/repique-do-tambor\/#breadcrumb\"},\"inLanguage\":\"es\",\"potentialAction\":[{\"@type\":\"ReadAction\",\"target\":[\"http:\/\/www.casadefulo.com.br\/es\/repique-do-tambor\/\"]}]},{\"@type\":\"BreadcrumbList\",\"@id\":\"http:\/\/www.casadefulo.com.br\/es\/repique-do-tambor\/#breadcrumb\",\"itemListElement\":[{\"@type\":\"ListItem\",\"position\":1,\"name\":\"In\u00edcio\",\"item\":\"http:\/\/www.casadefulo.com.br\/es\/\"},{\"@type\":\"ListItem\",\"position\":2,\"name\":\"Repique do Tambor\"}]},{\"@type\":\"WebSite\",\"@id\":\"https:\/\/www.casadefulo.com.br\/#website\",\"url\":\"https:\/\/www.casadefulo.com.br\/\",\"name\":\"Casa de Ful\u00f4\",\"description\":\"\",\"publisher\":{\"@id\":\"https:\/\/www.casadefulo.com.br\/#organization\"},\"potentialAction\":[{\"@type\":\"SearchAction\",\"target\":{\"@type\":\"EntryPoint\",\"urlTemplate\":\"https:\/\/www.casadefulo.com.br\/?s={search_term_string}\"},\"query-input\":\"required name=search_term_string\"}],\"inLanguage\":\"es\"},{\"@type\":\"Organization\",\"@id\":\"https:\/\/www.casadefulo.com.br\/#organization\",\"name\":\"Casa de Ful\u00f4 Prod\",\"url\":\"https:\/\/www.casadefulo.com.br\/\",\"sameAs\":[\"https:\/\/www.instagram.com\/casadefuloprod\",\"https:\/\/www.facebook.com\/CasaDeFuloProducoes\"],\"logo\":{\"@type\":\"ImageObject\",\"inLanguage\":\"es\",\"@id\":\"https:\/\/www.casadefulo.com.br\/#\/schema\/logo\/image\/\",\"url\":\"http:\/\/www.casadefulo.com.br\/cms\/wp-content\/uploads\/2017\/06\/casadefulo-thumbnail.jpg\",\"contentUrl\":\"http:\/\/www.casadefulo.com.br\/cms\/wp-content\/uploads\/2017\/06\/casadefulo-thumbnail.jpg\",\"width\":280,\"height\":280,\"caption\":\"Casa de Ful\u00f4 Prod\"},\"image\":{\"@id\":\"https:\/\/www.casadefulo.com.br\/#\/schema\/logo\/image\/\"}},{\"@type\":\"Person\",\"@id\":\"https:\/\/www.casadefulo.com.br\/#\/schema\/person\/c233d91344bd4b41b4f404df083a625e\",\"name\":\"Casa de Ful\u00f4 Admin\",\"image\":{\"@type\":\"ImageObject\",\"inLanguage\":\"es\",\"@id\":\"https:\/\/www.casadefulo.com.br\/#\/schema\/person\/image\/\",\"url\":\"https:\/\/secure.gravatar.com\/avatar\/b82165758f363861299571b55794455cc20fefc2e03e2bc3051904784a7443c1?s=96&d=mm&r=g\",\"contentUrl\":\"https:\/\/secure.gravatar.com\/avatar\/b82165758f363861299571b55794455cc20fefc2e03e2bc3051904784a7443c1?s=96&d=mm&r=g\",\"caption\":\"Casa de Ful\u00f4 Admin\"}}]}<\/script>\n<!-- \/ Yoast SEO plugin. -->","yoast_head_json":{"title":"Repique do Tambor &raquo; Casa de Ful\u00f4","robots":{"index":"index","follow":"follow","max-snippet":"max-snippet:-1","max-image-preview":"max-image-preview:large","max-video-preview":"max-video-preview:-1"},"canonical":"http:\/\/www.casadefulo.com.br\/es\/repique-do-tambor\/","og_locale":"es_ES","og_type":"article","og_title":"Repique do Tambor &raquo; Casa de Ful\u00f4","og_description":"Creada por Casa de Ful\u00f4 Prod, la primera edici\u00f3n del Repique do Tambor tuvo lugar en 2016, en Brasilia. Al reunir a grandes nombres del universo percusivo brasile\u00f1o, el Festival reuni\u00f3 a Olodum, Il\u00ea Aiy\u00ea, Raquel Coutinho, Andr\u00e9 Sampaio y Afromandinga, Ma\u00edra Freitas, B Neg\u00e3o, Marco Lobo y Mariene de Castro. El Circuito tambi\u00e9n tuvo [&hellip;]","og_url":"http:\/\/www.casadefulo.com.br\/es\/repique-do-tambor\/","og_site_name":"Casa de Ful\u00f4","article_publisher":"https:\/\/www.facebook.com\/CasaDeFuloProducoes","article_published_time":"2017-07-01T16:53:23+00:00","article_modified_time":"2020-02-21T02:09:57+00:00","og_image":[{"width":280,"height":280,"url":"http:\/\/www.casadefulo.com.br\/cms\/wp-content\/uploads\/2017\/07\/Repique-do-Tambor-Thumbnail-1.jpg","type":"image\/jpeg"}],"author":"Casa de Ful\u00f4 Admin","twitter_card":"summary_large_image","twitter_misc":{"Escrito por":"Casa de Ful\u00f4 Admin","Tiempo de lectura":"1 minuto"},"schema":{"@context":"https:\/\/schema.org","@graph":[{"@type":"Article","@id":"http:\/\/www.casadefulo.com.br\/es\/repique-do-tambor\/#article","isPartOf":{"@id":"http:\/\/www.casadefulo.com.br\/es\/repique-do-tambor\/"},"author":{"name":"Casa de Ful\u00f4 Admin","@id":"https:\/\/www.casadefulo.com.br\/#\/schema\/person\/c233d91344bd4b41b4f404df083a625e"},"headline":"Repique do Tambor","datePublished":"2017-07-01T16:53:23+00:00","dateModified":"2020-02-21T02:09:57+00:00","mainEntityOfPage":{"@id":"http:\/\/www.casadefulo.com.br\/es\/repique-do-tambor\/"},"wordCount":162,"commentCount":0,"publisher":{"@id":"https:\/\/www.casadefulo.com.br\/#organization"},"articleSection":["Festivales"],"inLanguage":"es","potentialAction":[{"@type":"CommentAction","name":"Comment","target":["http:\/\/www.casadefulo.com.br\/es\/repique-do-tambor\/#respond"]}]},{"@type":"WebPage","@id":"http:\/\/www.casadefulo.com.br\/es\/repique-do-tambor\/","url":"http:\/\/www.casadefulo.com.br\/es\/repique-do-tambor\/","name":"Repique do Tambor &raquo; Casa de Ful\u00f4","isPartOf":{"@id":"https:\/\/www.casadefulo.com.br\/#website"},"datePublished":"2017-07-01T16:53:23+00:00","dateModified":"2020-02-21T02:09:57+00:00","breadcrumb":{"@id":"http:\/\/www.casadefulo.com.br\/es\/repique-do-tambor\/#breadcrumb"},"inLanguage":"es","potentialAction":[{"@type":"ReadAction","target":["http:\/\/www.casadefulo.com.br\/es\/repique-do-tambor\/"]}]},{"@type":"BreadcrumbList","@id":"http:\/\/www.casadefulo.com.br\/es\/repique-do-tambor\/#breadcrumb","itemListElement":[{"@type":"ListItem","position":1,"name":"In\u00edcio","item":"http:\/\/www.casadefulo.com.br\/es\/"},{"@type":"ListItem","position":2,"name":"Repique do Tambor"}]},{"@type":"WebSite","@id":"https:\/\/www.casadefulo.com.br\/#website","url":"https:\/\/www.casadefulo.com.br\/","name":"Casa de Ful\u00f4","description":"","publisher":{"@id":"https:\/\/www.casadefulo.com.br\/#organization"},"potentialAction":[{"@type":"SearchAction","target":{"@type":"EntryPoint","urlTemplate":"https:\/\/www.casadefulo.com.br\/?s={search_term_string}"},"query-input":"required name=search_term_string"}],"inLanguage":"es"},{"@type":"Organization","@id":"https:\/\/www.casadefulo.com.br\/#organization","name":"Casa de Ful\u00f4 Prod","url":"https:\/\/www.casadefulo.com.br\/","sameAs":["https:\/\/www.instagram.com\/casadefuloprod","https:\/\/www.facebook.com\/CasaDeFuloProducoes"],"logo":{"@type":"ImageObject","inLanguage":"es","@id":"https:\/\/www.casadefulo.com.br\/#\/schema\/logo\/image\/","url":"http:\/\/www.casadefulo.com.br\/cms\/wp-content\/uploads\/2017\/06\/casadefulo-thumbnail.jpg","contentUrl":"http:\/\/www.casadefulo.com.br\/cms\/wp-content\/uploads\/2017\/06\/casadefulo-thumbnail.jpg","width":280,"height":280,"caption":"Casa de Ful\u00f4 Prod"},"image":{"@id":"https:\/\/www.casadefulo.com.br\/#\/schema\/logo\/image\/"}},{"@type":"Person","@id":"https:\/\/www.casadefulo.com.br\/#\/schema\/person\/c233d91344bd4b41b4f404df083a625e","name":"Casa de Ful\u00f4 Admin","image":{"@type":"ImageObject","inLanguage":"es","@id":"https:\/\/www.casadefulo.com.br\/#\/schema\/person\/image\/","url":"https:\/\/secure.gravatar.com\/avatar\/b82165758f363861299571b55794455cc20fefc2e03e2bc3051904784a7443c1?s=96&d=mm&r=g","contentUrl":"https:\/\/secure.gravatar.com\/avatar\/b82165758f363861299571b55794455cc20fefc2e03e2bc3051904784a7443c1?s=96&d=mm&r=g","caption":"Casa de Ful\u00f4 Admin"}}]}},"_links":{"self":[{"href":"http:\/\/www.casadefulo.com.br\/es\/wp-json\/wp\/v2\/posts\/3837","targetHints":{"allow":["GET"]}}],"collection":[{"href":"http:\/\/www.casadefulo.com.br\/es\/wp-json\/wp\/v2\/posts"}],"about":[{"href":"http:\/\/www.casadefulo.com.br\/es\/wp-json\/wp\/v2\/types\/post"}],"author":[{"embeddable":true,"href":"http:\/\/www.casadefulo.com.br\/es\/wp-json\/wp\/v2\/users\/1"}],"replies":[{"embeddable":true,"href":"http:\/\/www.casadefulo.com.br\/es\/wp-json\/wp\/v2\/comments?post=3837"}],"version-history":[{"count":5,"href":"http:\/\/www.casadefulo.com.br\/es\/wp-json\/wp\/v2\/posts\/3837\/revisions"}],"predecessor-version":[{"id":4143,"href":"http:\/\/www.casadefulo.com.br\/es\/wp-json\/wp\/v2\/posts\/3837\/revisions\/4143"}],"wp:featuredmedia":[{"embeddable":true,"href":"http:\/\/www.casadefulo.com.br\/es\/wp-json\/wp\/v2\/media\/3839"}],"wp:attachment":[{"href":"http:\/\/www.casadefulo.com.br\/es\/wp-json\/wp\/v2\/media?parent=3837"}],"wp:term":[{"taxonomy":"category","embeddable":true,"href":"http:\/\/www.casadefulo.com.br\/es\/wp-json\/wp\/v2\/categories?post=3837"},{"taxonomy":"post_tag","embeddable":true,"href":"http:\/\/www.casadefulo.com.br\/es\/wp-json\/wp\/v2\/tags?post=3837"}],"curies":[{"name":"wp","href":"https:\/\/api.w.org\/{rel}","templated":true}]}}