{"id":3765,"date":"2020-01-14T01:12:37","date_gmt":"2020-01-14T04:12:37","guid":{"rendered":"http:\/\/www.casadefulo.com.br\/cms\/el-gato-negro\/"},"modified":"2023-10-19T06:18:08","modified_gmt":"2023-10-19T09:18:08","slug":"ayom","status":"publish","type":"post","link":"http:\/\/www.casadefulo.com.br\/es\/ayom\/","title":{"rendered":"AYOM"},"content":{"rendered":"<p><span style=\"font-weight: 400;\">El grupo multicultural AYOM presenta Sa. Li. Va., una gran celebraci\u00f3n de la m\u00fasica mestiza. Una experiencia ma\u0301s alla\u0301 del origen, el ge\u0301nero, la raza y la ideologi\u0301a.&nbsp;<\/span><\/p>\n<p><span style=\"font-weight: 400;\">Los AYOM son navegantes musicales que cruzan el Atl\u00e1ntico Negro en un viaje espiritual y en\u00e9rgico por la di\u00e1spora africana, mezclando lenguajes y ritmos de las culturas negras. Con la cantautora brasile\u00f1a Jabu Morales al frente.<\/span><\/p>\n<p><span style=\"font-weight: 400;\">El pr\u00f3ximo \u00e1lbum del grupo AYOM, que incorporar\u00e1 canciones en portugu\u00e9s, franc\u00e9s, espa\u00f1ol e italiano es Sa. Li. Va. Un acr\u00f3nimo que resume las tres almas presentes en la m\u00fasica de AYOM: SA.grada, LI.bre y VA.liente. La saliva est\u00e1 en la boca de todos y, a la diferencia de los lenguajes que separan, la saliva conecta las personas y adem\u00e1s tiene el mismo significado en grande parte de los idiomas europeos.<\/span><\/p>\n<p><span style=\"font-weight: 400;\">Siempre inclinados al swing, la m\u00fasica de AYOM mezcla ritmos como el Bai\u00e3o, Maracatu y ritmos de Congado y Candombl\u00e9. Con un sonido inspirado en los ritmos de la di\u00e1spora africana y del Atl\u00e1ntico Negro, el grupo crea una m\u00fasica original y atractiva, donde personas de diferentes or\u00edgenes culturales se encuentran en un momento m\u00e1gico de celebraci\u00f3n.<\/span><\/p>\n<p><span style=\"font-weight: 400;\">En 2022 AYOM estuvieron presentes en m\u00e1s de 50 festivales, entre ellos Womad C\u00e1ceres, Amsterdam Roots Fest, La Merc\u00e9, Copenhagen Jazz Festival y Transmusicales, adem\u00e1s de recibir los premios Best Group y Best 10 Album de Songlines Magazine.<\/span><\/p>\n<p><b>Estilo:&nbsp; <\/b><span style=\"font-weight: 400;\">M\u00fasica Popular Brasile\u00f1a \/ Tropical \/ Lus\u00f3fono \/ Afro<\/span><\/p>\n<p><b>Territorios: <\/b><span style=\"font-weight: 400;\">Portugal y Espa\u00f1a<\/span><\/p>\n<p><b>Disponible: <\/b><span style=\"font-weight: 400;\">Todo el a\u00f1o de 2024<\/span><\/p>\n<p><b>Equipo: <\/b><span style=\"font-weight: 400;\">7 pax<\/span><\/p>\n","protected":false},"excerpt":{"rendered":"<p>El grupo multicultural AYOM presenta Sa. Li. Va., una gran celebraci\u00f3n de la m\u00fasica mestiza. Una experiencia ma\u0301s alla\u0301 del origen, el ge\u0301nero, la raza y la ideologi\u0301a.&nbsp; Los AYOM son navegantes musicales que cruzan el Atl\u00e1ntico Negro en un viaje espiritual y en\u00e9rgico por la di\u00e1spora africana, mezclando lenguajes y ritmos de las culturas [&hellip;]<\/p>\n","protected":false},"author":1,"featured_media":4561,"comment_status":"open","ping_status":"open","sticky":false,"template":"","format":"standard","meta":{"ngg_post_thumbnail":0,"footnotes":""},"categories":[68],"tags":[],"class_list":["post-3765","post","type-post","status-publish","format-standard","has-post-thumbnail","hentry","category-artistas-es"],"yoast_head":"<!-- This site is optimized with the Yoast SEO plugin v19.8 - https:\/\/yoast.com\/wordpress\/plugins\/seo\/ -->\n<title>AYOM &raquo; Casa de Ful\u00f4<\/title>\n<meta name=\"robots\" content=\"index, follow, max-snippet:-1, max-image-preview:large, max-video-preview:-1\" \/>\n<link rel=\"canonical\" href=\"http:\/\/www.casadefulo.com.br\/es\/ayom\/\" \/>\n<meta property=\"og:locale\" content=\"es_ES\" \/>\n<meta property=\"og:type\" content=\"article\" \/>\n<meta property=\"og:title\" content=\"AYOM &raquo; Casa de Ful\u00f4\" \/>\n<meta property=\"og:description\" content=\"El grupo multicultural AYOM presenta Sa. Li. Va., una gran celebraci\u00f3n de la m\u00fasica mestiza. Una experiencia ma\u0301s alla\u0301 del origen, el ge\u0301nero, la raza y la ideologi\u0301a.&nbsp; Los AYOM son navegantes musicales que cruzan el Atl\u00e1ntico Negro en un viaje espiritual y en\u00e9rgico por la di\u00e1spora africana, mezclando lenguajes y ritmos de las culturas [&hellip;]\" \/>\n<meta property=\"og:url\" content=\"http:\/\/www.casadefulo.com.br\/es\/ayom\/\" \/>\n<meta property=\"og:site_name\" content=\"Casa de Ful\u00f4\" \/>\n<meta property=\"article:publisher\" content=\"https:\/\/www.facebook.com\/CasaDeFuloProducoes\" \/>\n<meta property=\"article:published_time\" content=\"2020-01-14T04:12:37+00:00\" \/>\n<meta property=\"article:modified_time\" content=\"2023-10-19T09:18:08+00:00\" \/>\n<meta property=\"og:image\" content=\"http:\/\/www.casadefulo.com.br\/cms\/wp-content\/uploads\/2020\/01\/ayom-roster2024peq.jpeg\" \/>\n\t<meta property=\"og:image:width\" content=\"280\" \/>\n\t<meta property=\"og:image:height\" content=\"280\" \/>\n\t<meta property=\"og:image:type\" content=\"image\/jpeg\" \/>\n<meta name=\"author\" content=\"Casa de Ful\u00f4 Admin\" \/>\n<meta name=\"twitter:card\" content=\"summary_large_image\" \/>\n<meta name=\"twitter:label1\" content=\"Escrito por\" \/>\n\t<meta name=\"twitter:data1\" content=\"Casa de Ful\u00f4 Admin\" \/>\n\t<meta name=\"twitter:label2\" content=\"Tiempo de lectura\" \/>\n\t<meta name=\"twitter:data2\" content=\"1 minuto\" \/>\n<script type=\"application\/ld+json\" class=\"yoast-schema-graph\">{\"@context\":\"https:\/\/schema.org\",\"@graph\":[{\"@type\":\"Article\",\"@id\":\"http:\/\/www.casadefulo.com.br\/es\/ayom\/#article\",\"isPartOf\":{\"@id\":\"http:\/\/www.casadefulo.com.br\/es\/ayom\/\"},\"author\":{\"name\":\"Casa de Ful\u00f4 Admin\",\"@id\":\"https:\/\/www.casadefulo.com.br\/#\/schema\/person\/c233d91344bd4b41b4f404df083a625e\"},\"headline\":\"AYOM\",\"datePublished\":\"2020-01-14T04:12:37+00:00\",\"dateModified\":\"2023-10-19T09:18:08+00:00\",\"mainEntityOfPage\":{\"@id\":\"http:\/\/www.casadefulo.com.br\/es\/ayom\/\"},\"wordCount\":283,\"commentCount\":0,\"publisher\":{\"@id\":\"https:\/\/www.casadefulo.com.br\/#organization\"},\"articleSection\":[\"Artistas\"],\"inLanguage\":\"es\",\"potentialAction\":[{\"@type\":\"CommentAction\",\"name\":\"Comment\",\"target\":[\"http:\/\/www.casadefulo.com.br\/es\/ayom\/#respond\"]}]},{\"@type\":\"WebPage\",\"@id\":\"http:\/\/www.casadefulo.com.br\/es\/ayom\/\",\"url\":\"http:\/\/www.casadefulo.com.br\/es\/ayom\/\",\"name\":\"AYOM &raquo; Casa de Ful\u00f4\",\"isPartOf\":{\"@id\":\"https:\/\/www.casadefulo.com.br\/#website\"},\"datePublished\":\"2020-01-14T04:12:37+00:00\",\"dateModified\":\"2023-10-19T09:18:08+00:00\",\"breadcrumb\":{\"@id\":\"http:\/\/www.casadefulo.com.br\/es\/ayom\/#breadcrumb\"},\"inLanguage\":\"es\",\"potentialAction\":[{\"@type\":\"ReadAction\",\"target\":[\"http:\/\/www.casadefulo.com.br\/es\/ayom\/\"]}]},{\"@type\":\"BreadcrumbList\",\"@id\":\"http:\/\/www.casadefulo.com.br\/es\/ayom\/#breadcrumb\",\"itemListElement\":[{\"@type\":\"ListItem\",\"position\":1,\"name\":\"In\u00edcio\",\"item\":\"http:\/\/www.casadefulo.com.br\/es\/\"},{\"@type\":\"ListItem\",\"position\":2,\"name\":\"AYOM\"}]},{\"@type\":\"WebSite\",\"@id\":\"https:\/\/www.casadefulo.com.br\/#website\",\"url\":\"https:\/\/www.casadefulo.com.br\/\",\"name\":\"Casa de Ful\u00f4\",\"description\":\"\",\"publisher\":{\"@id\":\"https:\/\/www.casadefulo.com.br\/#organization\"},\"potentialAction\":[{\"@type\":\"SearchAction\",\"target\":{\"@type\":\"EntryPoint\",\"urlTemplate\":\"https:\/\/www.casadefulo.com.br\/?s={search_term_string}\"},\"query-input\":\"required name=search_term_string\"}],\"inLanguage\":\"es\"},{\"@type\":\"Organization\",\"@id\":\"https:\/\/www.casadefulo.com.br\/#organization\",\"name\":\"Casa de Ful\u00f4 Prod\",\"url\":\"https:\/\/www.casadefulo.com.br\/\",\"sameAs\":[\"https:\/\/www.instagram.com\/casadefuloprod\",\"https:\/\/www.facebook.com\/CasaDeFuloProducoes\"],\"logo\":{\"@type\":\"ImageObject\",\"inLanguage\":\"es\",\"@id\":\"https:\/\/www.casadefulo.com.br\/#\/schema\/logo\/image\/\",\"url\":\"http:\/\/www.casadefulo.com.br\/cms\/wp-content\/uploads\/2017\/06\/casadefulo-thumbnail.jpg\",\"contentUrl\":\"http:\/\/www.casadefulo.com.br\/cms\/wp-content\/uploads\/2017\/06\/casadefulo-thumbnail.jpg\",\"width\":280,\"height\":280,\"caption\":\"Casa de Ful\u00f4 Prod\"},\"image\":{\"@id\":\"https:\/\/www.casadefulo.com.br\/#\/schema\/logo\/image\/\"}},{\"@type\":\"Person\",\"@id\":\"https:\/\/www.casadefulo.com.br\/#\/schema\/person\/c233d91344bd4b41b4f404df083a625e\",\"name\":\"Casa de Ful\u00f4 Admin\",\"image\":{\"@type\":\"ImageObject\",\"inLanguage\":\"es\",\"@id\":\"https:\/\/www.casadefulo.com.br\/#\/schema\/person\/image\/\",\"url\":\"https:\/\/secure.gravatar.com\/avatar\/b82165758f363861299571b55794455cc20fefc2e03e2bc3051904784a7443c1?s=96&d=mm&r=g\",\"contentUrl\":\"https:\/\/secure.gravatar.com\/avatar\/b82165758f363861299571b55794455cc20fefc2e03e2bc3051904784a7443c1?s=96&d=mm&r=g\",\"caption\":\"Casa de Ful\u00f4 Admin\"}}]}<\/script>\n<!-- \/ Yoast SEO plugin. -->","yoast_head_json":{"title":"AYOM &raquo; Casa de Ful\u00f4","robots":{"index":"index","follow":"follow","max-snippet":"max-snippet:-1","max-image-preview":"max-image-preview:large","max-video-preview":"max-video-preview:-1"},"canonical":"http:\/\/www.casadefulo.com.br\/es\/ayom\/","og_locale":"es_ES","og_type":"article","og_title":"AYOM &raquo; Casa de Ful\u00f4","og_description":"El grupo multicultural AYOM presenta Sa. Li. Va., una gran celebraci\u00f3n de la m\u00fasica mestiza. Una experiencia ma\u0301s alla\u0301 del origen, el ge\u0301nero, la raza y la ideologi\u0301a.&nbsp; Los AYOM son navegantes musicales que cruzan el Atl\u00e1ntico Negro en un viaje espiritual y en\u00e9rgico por la di\u00e1spora africana, mezclando lenguajes y ritmos de las culturas [&hellip;]","og_url":"http:\/\/www.casadefulo.com.br\/es\/ayom\/","og_site_name":"Casa de Ful\u00f4","article_publisher":"https:\/\/www.facebook.com\/CasaDeFuloProducoes","article_published_time":"2020-01-14T04:12:37+00:00","article_modified_time":"2023-10-19T09:18:08+00:00","og_image":[{"width":280,"height":280,"url":"http:\/\/www.casadefulo.com.br\/cms\/wp-content\/uploads\/2020\/01\/ayom-roster2024peq.jpeg","type":"image\/jpeg"}],"author":"Casa de Ful\u00f4 Admin","twitter_card":"summary_large_image","twitter_misc":{"Escrito por":"Casa de Ful\u00f4 Admin","Tiempo de lectura":"1 minuto"},"schema":{"@context":"https:\/\/schema.org","@graph":[{"@type":"Article","@id":"http:\/\/www.casadefulo.com.br\/es\/ayom\/#article","isPartOf":{"@id":"http:\/\/www.casadefulo.com.br\/es\/ayom\/"},"author":{"name":"Casa de Ful\u00f4 Admin","@id":"https:\/\/www.casadefulo.com.br\/#\/schema\/person\/c233d91344bd4b41b4f404df083a625e"},"headline":"AYOM","datePublished":"2020-01-14T04:12:37+00:00","dateModified":"2023-10-19T09:18:08+00:00","mainEntityOfPage":{"@id":"http:\/\/www.casadefulo.com.br\/es\/ayom\/"},"wordCount":283,"commentCount":0,"publisher":{"@id":"https:\/\/www.casadefulo.com.br\/#organization"},"articleSection":["Artistas"],"inLanguage":"es","potentialAction":[{"@type":"CommentAction","name":"Comment","target":["http:\/\/www.casadefulo.com.br\/es\/ayom\/#respond"]}]},{"@type":"WebPage","@id":"http:\/\/www.casadefulo.com.br\/es\/ayom\/","url":"http:\/\/www.casadefulo.com.br\/es\/ayom\/","name":"AYOM &raquo; Casa de Ful\u00f4","isPartOf":{"@id":"https:\/\/www.casadefulo.com.br\/#website"},"datePublished":"2020-01-14T04:12:37+00:00","dateModified":"2023-10-19T09:18:08+00:00","breadcrumb":{"@id":"http:\/\/www.casadefulo.com.br\/es\/ayom\/#breadcrumb"},"inLanguage":"es","potentialAction":[{"@type":"ReadAction","target":["http:\/\/www.casadefulo.com.br\/es\/ayom\/"]}]},{"@type":"BreadcrumbList","@id":"http:\/\/www.casadefulo.com.br\/es\/ayom\/#breadcrumb","itemListElement":[{"@type":"ListItem","position":1,"name":"In\u00edcio","item":"http:\/\/www.casadefulo.com.br\/es\/"},{"@type":"ListItem","position":2,"name":"AYOM"}]},{"@type":"WebSite","@id":"https:\/\/www.casadefulo.com.br\/#website","url":"https:\/\/www.casadefulo.com.br\/","name":"Casa de Ful\u00f4","description":"","publisher":{"@id":"https:\/\/www.casadefulo.com.br\/#organization"},"potentialAction":[{"@type":"SearchAction","target":{"@type":"EntryPoint","urlTemplate":"https:\/\/www.casadefulo.com.br\/?s={search_term_string}"},"query-input":"required name=search_term_string"}],"inLanguage":"es"},{"@type":"Organization","@id":"https:\/\/www.casadefulo.com.br\/#organization","name":"Casa de Ful\u00f4 Prod","url":"https:\/\/www.casadefulo.com.br\/","sameAs":["https:\/\/www.instagram.com\/casadefuloprod","https:\/\/www.facebook.com\/CasaDeFuloProducoes"],"logo":{"@type":"ImageObject","inLanguage":"es","@id":"https:\/\/www.casadefulo.com.br\/#\/schema\/logo\/image\/","url":"http:\/\/www.casadefulo.com.br\/cms\/wp-content\/uploads\/2017\/06\/casadefulo-thumbnail.jpg","contentUrl":"http:\/\/www.casadefulo.com.br\/cms\/wp-content\/uploads\/2017\/06\/casadefulo-thumbnail.jpg","width":280,"height":280,"caption":"Casa de Ful\u00f4 Prod"},"image":{"@id":"https:\/\/www.casadefulo.com.br\/#\/schema\/logo\/image\/"}},{"@type":"Person","@id":"https:\/\/www.casadefulo.com.br\/#\/schema\/person\/c233d91344bd4b41b4f404df083a625e","name":"Casa de Ful\u00f4 Admin","image":{"@type":"ImageObject","inLanguage":"es","@id":"https:\/\/www.casadefulo.com.br\/#\/schema\/person\/image\/","url":"https:\/\/secure.gravatar.com\/avatar\/b82165758f363861299571b55794455cc20fefc2e03e2bc3051904784a7443c1?s=96&d=mm&r=g","contentUrl":"https:\/\/secure.gravatar.com\/avatar\/b82165758f363861299571b55794455cc20fefc2e03e2bc3051904784a7443c1?s=96&d=mm&r=g","caption":"Casa de Ful\u00f4 Admin"}}]}},"_links":{"self":[{"href":"http:\/\/www.casadefulo.com.br\/es\/wp-json\/wp\/v2\/posts\/3765","targetHints":{"allow":["GET"]}}],"collection":[{"href":"http:\/\/www.casadefulo.com.br\/es\/wp-json\/wp\/v2\/posts"}],"about":[{"href":"http:\/\/www.casadefulo.com.br\/es\/wp-json\/wp\/v2\/types\/post"}],"author":[{"embeddable":true,"href":"http:\/\/www.casadefulo.com.br\/es\/wp-json\/wp\/v2\/users\/1"}],"replies":[{"embeddable":true,"href":"http:\/\/www.casadefulo.com.br\/es\/wp-json\/wp\/v2\/comments?post=3765"}],"version-history":[{"count":10,"href":"http:\/\/www.casadefulo.com.br\/es\/wp-json\/wp\/v2\/posts\/3765\/revisions"}],"predecessor-version":[{"id":4564,"href":"http:\/\/www.casadefulo.com.br\/es\/wp-json\/wp\/v2\/posts\/3765\/revisions\/4564"}],"wp:featuredmedia":[{"embeddable":true,"href":"http:\/\/www.casadefulo.com.br\/es\/wp-json\/wp\/v2\/media\/4561"}],"wp:attachment":[{"href":"http:\/\/www.casadefulo.com.br\/es\/wp-json\/wp\/v2\/media?parent=3765"}],"wp:term":[{"taxonomy":"category","embeddable":true,"href":"http:\/\/www.casadefulo.com.br\/es\/wp-json\/wp\/v2\/categories?post=3765"},{"taxonomy":"post_tag","embeddable":true,"href":"http:\/\/www.casadefulo.com.br\/es\/wp-json\/wp\/v2\/tags?post=3765"}],"curies":[{"name":"wp","href":"https:\/\/api.w.org\/{rel}","templated":true}]}}