{"id":2502,"date":"2017-07-04T19:23:26","date_gmt":"2017-07-04T22:23:26","guid":{"rendered":"http:\/\/www.casadefulo.com.br\/cms\/?p=2502\/"},"modified":"2023-10-11T09:59:11","modified_gmt":"2023-10-11T12:59:11","slug":"arnaldo-antunes","status":"publish","type":"post","link":"http:\/\/www.casadefulo.com.br\/en\/arnaldo-antunes\/","title":{"rendered":"Arnaldo Antunes"},"content":{"rendered":"<p><span style=\"font-weight: 400;\">The acclaimed Brazilian musician Arnaldo Antunes will be on tour with the show L\u00e1grimas no Mar, a project created by Arnaldo and Vitor Ara\u00fajo.<\/span><\/p>\n<p><span style=\"font-weight: 400;\">Arnaldo Antunes has become one of the most special voices on the current Brazilian music scene. Throughout his extensive career he has won a Latin Grammy, four platinum albums and a diamond album, in addition to being a member of the supergroups Tit\u00e3s and Tribalistas.<\/span><\/p>\n<p><span style=\"font-weight: 400;\">Currently, the artist lends his voice and his soul to carry out his new project, L\u00e1grimas No Mar, which he developed artistically together with Vitor Ara\u00fajo, a profusely awarded composer and pianist, fluent in the languages <\/span><span style=\"font-weight: 400;\">\u200b\u200b<\/span><span style=\"font-weight: 400;\">of classical and experimental music and specialized in Brazilian classical music and at the electroacoustic avant-garde.<\/span><\/p>\n<p><span style=\"font-weight: 400;\">A complete poetic experience that is also enhanced with visual projections and interludes with poetry to immerse the viewer in a universe full of creativity and contemporary art.<\/span><\/p>\n<p><span style=\"font-weight: 400;\">In 2023, L\u00e1grimas no Mar visited Spain, the United Kingdom, France and the United States, in addition to the work being one of those selected from the official Womex showcases.&nbsp; In 2024 the goal is to conquer the world with this amazing spectacle.<\/span><\/p>\n<p><b>Styles: <\/b><span style=\"font-weight: 400;\">Brazilian Popular Music \/ Pop \/ Jazz \/ Avant-garde<\/span><\/p>\n<p><b>Territories:<\/b><span style=\"font-weight: 400;\"> Europe<\/span><\/p>\n<p><b>Availability: <\/b><span style=\"font-weight: 400;\">Summer\/Autumn 2024<\/span><\/p>\n<p><b>Travel crew: <\/b><span style=\"font-weight: 400;\">6 pax<\/span><\/p>\n","protected":false},"excerpt":{"rendered":"<p>A cantora lan\u00e7ou o quinto \u00e1lbum, Mama Kalunga, em 2015. Em 2016, seu CD foi indicado como Melhor Disco no 27\u00ba Pr\u00eamio da M\u00fasica Brasileira e Virg\u00ednia ganhou o pr\u00eamio de melhor cantora. Em 2017, Virg\u00ednia completa 20 anos de carreira, estreado em Curitiba e com shows previstos em todo o Brasil. A cantora prepara turn\u00ea europeia em abril e nos Estados Unidos em outubro de 2018.<\/p>\n","protected":false},"author":1,"featured_media":4499,"comment_status":"open","ping_status":"open","sticky":false,"template":"","format":"standard","meta":{"ngg_post_thumbnail":0,"footnotes":""},"categories":[12],"tags":[],"class_list":["post-2502","post","type-post","status-publish","format-standard","has-post-thumbnail","hentry","category-artists"],"yoast_head":"<!-- This site is optimized with the Yoast SEO plugin v19.8 - https:\/\/yoast.com\/wordpress\/plugins\/seo\/ -->\n<title>Arnaldo Antunes &raquo; Casa de Ful\u00f4<\/title>\n<meta name=\"robots\" content=\"index, follow, max-snippet:-1, max-image-preview:large, max-video-preview:-1\" \/>\n<link rel=\"canonical\" href=\"http:\/\/www.casadefulo.com.br\/en\/arnaldo-antunes\/\" \/>\n<meta property=\"og:locale\" content=\"en_US\" \/>\n<meta property=\"og:type\" content=\"article\" \/>\n<meta property=\"og:title\" content=\"Arnaldo Antunes &raquo; Casa de Ful\u00f4\" \/>\n<meta property=\"og:description\" content=\"A cantora lan\u00e7ou o quinto \u00e1lbum, Mama Kalunga, em 2015. Em 2016, seu CD foi indicado como Melhor Disco no 27\u00ba Pr\u00eamio da M\u00fasica Brasileira e Virg\u00ednia ganhou o pr\u00eamio de melhor cantora. Em 2017, Virg\u00ednia completa 20 anos de carreira, estreado em Curitiba e com shows previstos em todo o Brasil. A cantora prepara turn\u00ea europeia em abril e nos Estados Unidos em outubro de 2018.\" \/>\n<meta property=\"og:url\" content=\"http:\/\/www.casadefulo.com.br\/en\/arnaldo-antunes\/\" \/>\n<meta property=\"og:site_name\" content=\"Casa de Ful\u00f4\" \/>\n<meta property=\"article:publisher\" content=\"https:\/\/www.facebook.com\/CasaDeFuloProducoes\" \/>\n<meta property=\"article:published_time\" content=\"2017-07-04T22:23:26+00:00\" \/>\n<meta property=\"article:modified_time\" content=\"2023-10-11T12:59:11+00:00\" \/>\n<meta property=\"og:image\" content=\"http:\/\/www.casadefulo.com.br\/cms\/wp-content\/uploads\/2017\/07\/arnaldoantunes-roster2024peq.png\" \/>\n\t<meta property=\"og:image:width\" content=\"230\" \/>\n\t<meta property=\"og:image:height\" content=\"230\" \/>\n\t<meta property=\"og:image:type\" content=\"image\/png\" \/>\n<meta name=\"author\" content=\"Casa de Ful\u00f4 Admin\" \/>\n<meta name=\"twitter:card\" content=\"summary_large_image\" \/>\n<meta name=\"twitter:label1\" content=\"Written by\" \/>\n\t<meta name=\"twitter:data1\" content=\"Casa de Ful\u00f4 Admin\" \/>\n\t<meta name=\"twitter:label2\" content=\"Est. reading time\" \/>\n\t<meta name=\"twitter:data2\" content=\"1 minute\" \/>\n<script type=\"application\/ld+json\" class=\"yoast-schema-graph\">{\"@context\":\"https:\/\/schema.org\",\"@graph\":[{\"@type\":\"Article\",\"@id\":\"http:\/\/www.casadefulo.com.br\/en\/arnaldo-antunes\/#article\",\"isPartOf\":{\"@id\":\"http:\/\/www.casadefulo.com.br\/en\/arnaldo-antunes\/\"},\"author\":{\"name\":\"Casa de Ful\u00f4 Admin\",\"@id\":\"https:\/\/www.casadefulo.com.br\/#\/schema\/person\/c233d91344bd4b41b4f404df083a625e\"},\"headline\":\"Arnaldo Antunes\",\"datePublished\":\"2017-07-04T22:23:26+00:00\",\"dateModified\":\"2023-10-11T12:59:11+00:00\",\"mainEntityOfPage\":{\"@id\":\"http:\/\/www.casadefulo.com.br\/en\/arnaldo-antunes\/\"},\"wordCount\":214,\"commentCount\":0,\"publisher\":{\"@id\":\"https:\/\/www.casadefulo.com.br\/#organization\"},\"articleSection\":[\"Artists\"],\"inLanguage\":\"en-US\",\"potentialAction\":[{\"@type\":\"CommentAction\",\"name\":\"Comment\",\"target\":[\"http:\/\/www.casadefulo.com.br\/en\/arnaldo-antunes\/#respond\"]}]},{\"@type\":\"WebPage\",\"@id\":\"http:\/\/www.casadefulo.com.br\/en\/arnaldo-antunes\/\",\"url\":\"http:\/\/www.casadefulo.com.br\/en\/arnaldo-antunes\/\",\"name\":\"Arnaldo Antunes &raquo; Casa de Ful\u00f4\",\"isPartOf\":{\"@id\":\"https:\/\/www.casadefulo.com.br\/#website\"},\"datePublished\":\"2017-07-04T22:23:26+00:00\",\"dateModified\":\"2023-10-11T12:59:11+00:00\",\"breadcrumb\":{\"@id\":\"http:\/\/www.casadefulo.com.br\/en\/arnaldo-antunes\/#breadcrumb\"},\"inLanguage\":\"en-US\",\"potentialAction\":[{\"@type\":\"ReadAction\",\"target\":[\"http:\/\/www.casadefulo.com.br\/en\/arnaldo-antunes\/\"]}]},{\"@type\":\"BreadcrumbList\",\"@id\":\"http:\/\/www.casadefulo.com.br\/en\/arnaldo-antunes\/#breadcrumb\",\"itemListElement\":[{\"@type\":\"ListItem\",\"position\":1,\"name\":\"In\u00edcio\",\"item\":\"https:\/\/www.casadefulo.com.br\/en\/\"},{\"@type\":\"ListItem\",\"position\":2,\"name\":\"Arnaldo Antunes\"}]},{\"@type\":\"WebSite\",\"@id\":\"https:\/\/www.casadefulo.com.br\/#website\",\"url\":\"https:\/\/www.casadefulo.com.br\/\",\"name\":\"Casa de Ful\u00f4\",\"description\":\"\",\"publisher\":{\"@id\":\"https:\/\/www.casadefulo.com.br\/#organization\"},\"potentialAction\":[{\"@type\":\"SearchAction\",\"target\":{\"@type\":\"EntryPoint\",\"urlTemplate\":\"https:\/\/www.casadefulo.com.br\/?s={search_term_string}\"},\"query-input\":\"required name=search_term_string\"}],\"inLanguage\":\"en-US\"},{\"@type\":\"Organization\",\"@id\":\"https:\/\/www.casadefulo.com.br\/#organization\",\"name\":\"Casa de Ful\u00f4 Prod\",\"url\":\"https:\/\/www.casadefulo.com.br\/\",\"sameAs\":[\"https:\/\/www.instagram.com\/casadefuloprod\",\"https:\/\/www.facebook.com\/CasaDeFuloProducoes\"],\"logo\":{\"@type\":\"ImageObject\",\"inLanguage\":\"en-US\",\"@id\":\"https:\/\/www.casadefulo.com.br\/#\/schema\/logo\/image\/\",\"url\":\"http:\/\/www.casadefulo.com.br\/cms\/wp-content\/uploads\/2017\/06\/casadefulo-thumbnail.jpg\",\"contentUrl\":\"http:\/\/www.casadefulo.com.br\/cms\/wp-content\/uploads\/2017\/06\/casadefulo-thumbnail.jpg\",\"width\":280,\"height\":280,\"caption\":\"Casa de Ful\u00f4 Prod\"},\"image\":{\"@id\":\"https:\/\/www.casadefulo.com.br\/#\/schema\/logo\/image\/\"}},{\"@type\":\"Person\",\"@id\":\"https:\/\/www.casadefulo.com.br\/#\/schema\/person\/c233d91344bd4b41b4f404df083a625e\",\"name\":\"Casa de Ful\u00f4 Admin\",\"image\":{\"@type\":\"ImageObject\",\"inLanguage\":\"en-US\",\"@id\":\"https:\/\/www.casadefulo.com.br\/#\/schema\/person\/image\/\",\"url\":\"https:\/\/secure.gravatar.com\/avatar\/b82165758f363861299571b55794455cc20fefc2e03e2bc3051904784a7443c1?s=96&d=mm&r=g\",\"contentUrl\":\"https:\/\/secure.gravatar.com\/avatar\/b82165758f363861299571b55794455cc20fefc2e03e2bc3051904784a7443c1?s=96&d=mm&r=g\",\"caption\":\"Casa de Ful\u00f4 Admin\"}}]}<\/script>\n<!-- \/ Yoast SEO plugin. -->","yoast_head_json":{"title":"Arnaldo Antunes &raquo; Casa de Ful\u00f4","robots":{"index":"index","follow":"follow","max-snippet":"max-snippet:-1","max-image-preview":"max-image-preview:large","max-video-preview":"max-video-preview:-1"},"canonical":"http:\/\/www.casadefulo.com.br\/en\/arnaldo-antunes\/","og_locale":"en_US","og_type":"article","og_title":"Arnaldo Antunes &raquo; Casa de Ful\u00f4","og_description":"A cantora lan\u00e7ou o quinto \u00e1lbum, Mama Kalunga, em 2015. Em 2016, seu CD foi indicado como Melhor Disco no 27\u00ba Pr\u00eamio da M\u00fasica Brasileira e Virg\u00ednia ganhou o pr\u00eamio de melhor cantora. Em 2017, Virg\u00ednia completa 20 anos de carreira, estreado em Curitiba e com shows previstos em todo o Brasil. A cantora prepara turn\u00ea europeia em abril e nos Estados Unidos em outubro de 2018.","og_url":"http:\/\/www.casadefulo.com.br\/en\/arnaldo-antunes\/","og_site_name":"Casa de Ful\u00f4","article_publisher":"https:\/\/www.facebook.com\/CasaDeFuloProducoes","article_published_time":"2017-07-04T22:23:26+00:00","article_modified_time":"2023-10-11T12:59:11+00:00","og_image":[{"width":230,"height":230,"url":"http:\/\/www.casadefulo.com.br\/cms\/wp-content\/uploads\/2017\/07\/arnaldoantunes-roster2024peq.png","type":"image\/png"}],"author":"Casa de Ful\u00f4 Admin","twitter_card":"summary_large_image","twitter_misc":{"Written by":"Casa de Ful\u00f4 Admin","Est. reading time":"1 minute"},"schema":{"@context":"https:\/\/schema.org","@graph":[{"@type":"Article","@id":"http:\/\/www.casadefulo.com.br\/en\/arnaldo-antunes\/#article","isPartOf":{"@id":"http:\/\/www.casadefulo.com.br\/en\/arnaldo-antunes\/"},"author":{"name":"Casa de Ful\u00f4 Admin","@id":"https:\/\/www.casadefulo.com.br\/#\/schema\/person\/c233d91344bd4b41b4f404df083a625e"},"headline":"Arnaldo Antunes","datePublished":"2017-07-04T22:23:26+00:00","dateModified":"2023-10-11T12:59:11+00:00","mainEntityOfPage":{"@id":"http:\/\/www.casadefulo.com.br\/en\/arnaldo-antunes\/"},"wordCount":214,"commentCount":0,"publisher":{"@id":"https:\/\/www.casadefulo.com.br\/#organization"},"articleSection":["Artists"],"inLanguage":"en-US","potentialAction":[{"@type":"CommentAction","name":"Comment","target":["http:\/\/www.casadefulo.com.br\/en\/arnaldo-antunes\/#respond"]}]},{"@type":"WebPage","@id":"http:\/\/www.casadefulo.com.br\/en\/arnaldo-antunes\/","url":"http:\/\/www.casadefulo.com.br\/en\/arnaldo-antunes\/","name":"Arnaldo Antunes &raquo; Casa de Ful\u00f4","isPartOf":{"@id":"https:\/\/www.casadefulo.com.br\/#website"},"datePublished":"2017-07-04T22:23:26+00:00","dateModified":"2023-10-11T12:59:11+00:00","breadcrumb":{"@id":"http:\/\/www.casadefulo.com.br\/en\/arnaldo-antunes\/#breadcrumb"},"inLanguage":"en-US","potentialAction":[{"@type":"ReadAction","target":["http:\/\/www.casadefulo.com.br\/en\/arnaldo-antunes\/"]}]},{"@type":"BreadcrumbList","@id":"http:\/\/www.casadefulo.com.br\/en\/arnaldo-antunes\/#breadcrumb","itemListElement":[{"@type":"ListItem","position":1,"name":"In\u00edcio","item":"https:\/\/www.casadefulo.com.br\/en\/"},{"@type":"ListItem","position":2,"name":"Arnaldo Antunes"}]},{"@type":"WebSite","@id":"https:\/\/www.casadefulo.com.br\/#website","url":"https:\/\/www.casadefulo.com.br\/","name":"Casa de Ful\u00f4","description":"","publisher":{"@id":"https:\/\/www.casadefulo.com.br\/#organization"},"potentialAction":[{"@type":"SearchAction","target":{"@type":"EntryPoint","urlTemplate":"https:\/\/www.casadefulo.com.br\/?s={search_term_string}"},"query-input":"required name=search_term_string"}],"inLanguage":"en-US"},{"@type":"Organization","@id":"https:\/\/www.casadefulo.com.br\/#organization","name":"Casa de Ful\u00f4 Prod","url":"https:\/\/www.casadefulo.com.br\/","sameAs":["https:\/\/www.instagram.com\/casadefuloprod","https:\/\/www.facebook.com\/CasaDeFuloProducoes"],"logo":{"@type":"ImageObject","inLanguage":"en-US","@id":"https:\/\/www.casadefulo.com.br\/#\/schema\/logo\/image\/","url":"http:\/\/www.casadefulo.com.br\/cms\/wp-content\/uploads\/2017\/06\/casadefulo-thumbnail.jpg","contentUrl":"http:\/\/www.casadefulo.com.br\/cms\/wp-content\/uploads\/2017\/06\/casadefulo-thumbnail.jpg","width":280,"height":280,"caption":"Casa de Ful\u00f4 Prod"},"image":{"@id":"https:\/\/www.casadefulo.com.br\/#\/schema\/logo\/image\/"}},{"@type":"Person","@id":"https:\/\/www.casadefulo.com.br\/#\/schema\/person\/c233d91344bd4b41b4f404df083a625e","name":"Casa de Ful\u00f4 Admin","image":{"@type":"ImageObject","inLanguage":"en-US","@id":"https:\/\/www.casadefulo.com.br\/#\/schema\/person\/image\/","url":"https:\/\/secure.gravatar.com\/avatar\/b82165758f363861299571b55794455cc20fefc2e03e2bc3051904784a7443c1?s=96&d=mm&r=g","contentUrl":"https:\/\/secure.gravatar.com\/avatar\/b82165758f363861299571b55794455cc20fefc2e03e2bc3051904784a7443c1?s=96&d=mm&r=g","caption":"Casa de Ful\u00f4 Admin"}}]}},"_links":{"self":[{"href":"http:\/\/www.casadefulo.com.br\/en\/wp-json\/wp\/v2\/posts\/2502","targetHints":{"allow":["GET"]}}],"collection":[{"href":"http:\/\/www.casadefulo.com.br\/en\/wp-json\/wp\/v2\/posts"}],"about":[{"href":"http:\/\/www.casadefulo.com.br\/en\/wp-json\/wp\/v2\/types\/post"}],"author":[{"embeddable":true,"href":"http:\/\/www.casadefulo.com.br\/en\/wp-json\/wp\/v2\/users\/1"}],"replies":[{"embeddable":true,"href":"http:\/\/www.casadefulo.com.br\/en\/wp-json\/wp\/v2\/comments?post=2502"}],"version-history":[{"count":18,"href":"http:\/\/www.casadefulo.com.br\/en\/wp-json\/wp\/v2\/posts\/2502\/revisions"}],"predecessor-version":[{"id":4503,"href":"http:\/\/www.casadefulo.com.br\/en\/wp-json\/wp\/v2\/posts\/2502\/revisions\/4503"}],"wp:featuredmedia":[{"embeddable":true,"href":"http:\/\/www.casadefulo.com.br\/en\/wp-json\/wp\/v2\/media\/4499"}],"wp:attachment":[{"href":"http:\/\/www.casadefulo.com.br\/en\/wp-json\/wp\/v2\/media?parent=2502"}],"wp:term":[{"taxonomy":"category","embeddable":true,"href":"http:\/\/www.casadefulo.com.br\/en\/wp-json\/wp\/v2\/categories?post=2502"},{"taxonomy":"post_tag","embeddable":true,"href":"http:\/\/www.casadefulo.com.br\/en\/wp-json\/wp\/v2\/tags?post=2502"}],"curies":[{"name":"wp","href":"https:\/\/api.w.org\/{rel}","templated":true}]}}