{"id":2490,"date":"2017-07-01T13:53:23","date_gmt":"2017-07-01T16:53:23","guid":{"rendered":"http:\/\/www.casadefulo.com.br\/cms\/?p=2490\/"},"modified":"2020-02-20T23:08:49","modified_gmt":"2020-02-21T02:08:49","slug":"repique-do-tambor","status":"publish","type":"post","link":"http:\/\/www.casadefulo.com.br\/en\/repique-do-tambor\/","title":{"rendered":"Repique do Tambor"},"content":{"rendered":"<p>Created by Casa de Ful\u00f4 Prod, the first edition of the Repique do Tambor Circuit took place in 2016, in Bras\u00edlia. Bringing together great names from the Brazilian percussive universe, the Festival brought together Olodum, Il\u00ea Aiy\u00ea, Raquel Coutinho, Andr\u00e9 Sampaio and Afromandinga, Ma\u00edra Freitas, B Neg\u00e3o, Marco Lobo and Mariene de Castro.<\/p>\n<p>The Circuit also had rhythm workshops with the greatest Masters of each genre: Candombl\u00e9 Workshop with Ney de Oxosse (RJ); Congado with Maur\u00edcio Tizumba (MG); Maracatu with Mestre Walter de Fran\u00e7a, from Estrela Brilhante de Recife (PE) and Percussion Workshop with Olodum (BA).<\/p>\n<p>Being the drum universal and connecting global villages, we propose a deep dive into popular culture, valuing, highlighting and registering our Afro-Brazilian rhythms, origins and traditions. Where there is a drum beat there is joy, color, magic, sound, dance, ancestry and wisdom!<\/p>\n","protected":false},"excerpt":{"rendered":"<p>Created by Casa de Ful\u00f4 Prod, the first edition of the Repique do Tambor Circuit took place in 2016, in Bras\u00edlia. Bringing together great names from the Brazilian percussive universe, the Festival brought together Olodum, Il\u00ea Aiy\u00ea, Raquel Coutinho, Andr\u00e9 Sampaio and Afromandinga, Ma\u00edra Freitas, B Neg\u00e3o, Marco Lobo and Mariene de Castro. The Circuit [&hellip;]<\/p>\n","protected":false},"author":1,"featured_media":549,"comment_status":"open","ping_status":"open","sticky":false,"template":"","format":"standard","meta":{"ngg_post_thumbnail":0,"footnotes":""},"categories":[7],"tags":[],"class_list":["post-2490","post","type-post","status-publish","format-standard","has-post-thumbnail","hentry","category-festivals"],"yoast_head":"<!-- This site is optimized with the Yoast SEO plugin v19.8 - https:\/\/yoast.com\/wordpress\/plugins\/seo\/ -->\n<title>Repique do Tambor &raquo; Casa de Ful\u00f4<\/title>\n<meta name=\"robots\" content=\"index, follow, max-snippet:-1, max-image-preview:large, max-video-preview:-1\" \/>\n<link rel=\"canonical\" href=\"http:\/\/www.casadefulo.com.br\/en\/repique-do-tambor\/\" \/>\n<meta property=\"og:locale\" content=\"en_US\" \/>\n<meta property=\"og:type\" content=\"article\" \/>\n<meta property=\"og:title\" content=\"Repique do Tambor &raquo; Casa de Ful\u00f4\" \/>\n<meta property=\"og:description\" content=\"Created by Casa de Ful\u00f4 Prod, the first edition of the Repique do Tambor Circuit took place in 2016, in Bras\u00edlia. Bringing together great names from the Brazilian percussive universe, the Festival brought together Olodum, Il\u00ea Aiy\u00ea, Raquel Coutinho, Andr\u00e9 Sampaio and Afromandinga, Ma\u00edra Freitas, B Neg\u00e3o, Marco Lobo and Mariene de Castro. The Circuit [&hellip;]\" \/>\n<meta property=\"og:url\" content=\"http:\/\/www.casadefulo.com.br\/en\/repique-do-tambor\/\" \/>\n<meta property=\"og:site_name\" content=\"Casa de Ful\u00f4\" \/>\n<meta property=\"article:publisher\" content=\"https:\/\/www.facebook.com\/CasaDeFuloProducoes\" \/>\n<meta property=\"article:published_time\" content=\"2017-07-01T16:53:23+00:00\" \/>\n<meta property=\"article:modified_time\" content=\"2020-02-21T02:08:49+00:00\" \/>\n<meta property=\"og:image\" content=\"http:\/\/www.casadefulo.com.br\/cms\/wp-content\/uploads\/2017\/07\/Repique-do-Tambor-Thumbnail-1.jpg\" \/>\n\t<meta property=\"og:image:width\" content=\"280\" \/>\n\t<meta property=\"og:image:height\" content=\"280\" \/>\n\t<meta property=\"og:image:type\" content=\"image\/jpeg\" \/>\n<meta name=\"author\" content=\"Casa de Ful\u00f4 Admin\" \/>\n<meta name=\"twitter:card\" content=\"summary_large_image\" \/>\n<meta name=\"twitter:label1\" content=\"Written by\" \/>\n\t<meta name=\"twitter:data1\" content=\"Casa de Ful\u00f4 Admin\" \/>\n\t<meta name=\"twitter:label2\" content=\"Est. reading time\" \/>\n\t<meta name=\"twitter:data2\" content=\"1 minute\" \/>\n<script type=\"application\/ld+json\" class=\"yoast-schema-graph\">{\"@context\":\"https:\/\/schema.org\",\"@graph\":[{\"@type\":\"Article\",\"@id\":\"http:\/\/www.casadefulo.com.br\/en\/repique-do-tambor\/#article\",\"isPartOf\":{\"@id\":\"http:\/\/www.casadefulo.com.br\/en\/repique-do-tambor\/\"},\"author\":{\"name\":\"Casa de Ful\u00f4 Admin\",\"@id\":\"https:\/\/www.casadefulo.com.br\/#\/schema\/person\/c233d91344bd4b41b4f404df083a625e\"},\"headline\":\"Repique do Tambor\",\"datePublished\":\"2017-07-01T16:53:23+00:00\",\"dateModified\":\"2020-02-21T02:08:49+00:00\",\"mainEntityOfPage\":{\"@id\":\"http:\/\/www.casadefulo.com.br\/en\/repique-do-tambor\/\"},\"wordCount\":145,\"commentCount\":0,\"publisher\":{\"@id\":\"https:\/\/www.casadefulo.com.br\/#organization\"},\"articleSection\":[\"Festivals\"],\"inLanguage\":\"en-US\",\"potentialAction\":[{\"@type\":\"CommentAction\",\"name\":\"Comment\",\"target\":[\"http:\/\/www.casadefulo.com.br\/en\/repique-do-tambor\/#respond\"]}]},{\"@type\":\"WebPage\",\"@id\":\"http:\/\/www.casadefulo.com.br\/en\/repique-do-tambor\/\",\"url\":\"http:\/\/www.casadefulo.com.br\/en\/repique-do-tambor\/\",\"name\":\"Repique do Tambor &raquo; Casa de Ful\u00f4\",\"isPartOf\":{\"@id\":\"https:\/\/www.casadefulo.com.br\/#website\"},\"datePublished\":\"2017-07-01T16:53:23+00:00\",\"dateModified\":\"2020-02-21T02:08:49+00:00\",\"breadcrumb\":{\"@id\":\"http:\/\/www.casadefulo.com.br\/en\/repique-do-tambor\/#breadcrumb\"},\"inLanguage\":\"en-US\",\"potentialAction\":[{\"@type\":\"ReadAction\",\"target\":[\"http:\/\/www.casadefulo.com.br\/en\/repique-do-tambor\/\"]}]},{\"@type\":\"BreadcrumbList\",\"@id\":\"http:\/\/www.casadefulo.com.br\/en\/repique-do-tambor\/#breadcrumb\",\"itemListElement\":[{\"@type\":\"ListItem\",\"position\":1,\"name\":\"In\u00edcio\",\"item\":\"https:\/\/www.casadefulo.com.br\/en\/\"},{\"@type\":\"ListItem\",\"position\":2,\"name\":\"Repique do Tambor\"}]},{\"@type\":\"WebSite\",\"@id\":\"https:\/\/www.casadefulo.com.br\/#website\",\"url\":\"https:\/\/www.casadefulo.com.br\/\",\"name\":\"Casa de Ful\u00f4\",\"description\":\"\",\"publisher\":{\"@id\":\"https:\/\/www.casadefulo.com.br\/#organization\"},\"potentialAction\":[{\"@type\":\"SearchAction\",\"target\":{\"@type\":\"EntryPoint\",\"urlTemplate\":\"https:\/\/www.casadefulo.com.br\/?s={search_term_string}\"},\"query-input\":\"required name=search_term_string\"}],\"inLanguage\":\"en-US\"},{\"@type\":\"Organization\",\"@id\":\"https:\/\/www.casadefulo.com.br\/#organization\",\"name\":\"Casa de Ful\u00f4 Prod\",\"url\":\"https:\/\/www.casadefulo.com.br\/\",\"sameAs\":[\"https:\/\/www.instagram.com\/casadefuloprod\",\"https:\/\/www.facebook.com\/CasaDeFuloProducoes\"],\"logo\":{\"@type\":\"ImageObject\",\"inLanguage\":\"en-US\",\"@id\":\"https:\/\/www.casadefulo.com.br\/#\/schema\/logo\/image\/\",\"url\":\"http:\/\/www.casadefulo.com.br\/cms\/wp-content\/uploads\/2017\/06\/casadefulo-thumbnail.jpg\",\"contentUrl\":\"http:\/\/www.casadefulo.com.br\/cms\/wp-content\/uploads\/2017\/06\/casadefulo-thumbnail.jpg\",\"width\":280,\"height\":280,\"caption\":\"Casa de Ful\u00f4 Prod\"},\"image\":{\"@id\":\"https:\/\/www.casadefulo.com.br\/#\/schema\/logo\/image\/\"}},{\"@type\":\"Person\",\"@id\":\"https:\/\/www.casadefulo.com.br\/#\/schema\/person\/c233d91344bd4b41b4f404df083a625e\",\"name\":\"Casa de Ful\u00f4 Admin\",\"image\":{\"@type\":\"ImageObject\",\"inLanguage\":\"en-US\",\"@id\":\"https:\/\/www.casadefulo.com.br\/#\/schema\/person\/image\/\",\"url\":\"https:\/\/secure.gravatar.com\/avatar\/b82165758f363861299571b55794455cc20fefc2e03e2bc3051904784a7443c1?s=96&d=mm&r=g\",\"contentUrl\":\"https:\/\/secure.gravatar.com\/avatar\/b82165758f363861299571b55794455cc20fefc2e03e2bc3051904784a7443c1?s=96&d=mm&r=g\",\"caption\":\"Casa de Ful\u00f4 Admin\"}}]}<\/script>\n<!-- \/ Yoast SEO plugin. -->","yoast_head_json":{"title":"Repique do Tambor &raquo; Casa de Ful\u00f4","robots":{"index":"index","follow":"follow","max-snippet":"max-snippet:-1","max-image-preview":"max-image-preview:large","max-video-preview":"max-video-preview:-1"},"canonical":"http:\/\/www.casadefulo.com.br\/en\/repique-do-tambor\/","og_locale":"en_US","og_type":"article","og_title":"Repique do Tambor &raquo; Casa de Ful\u00f4","og_description":"Created by Casa de Ful\u00f4 Prod, the first edition of the Repique do Tambor Circuit took place in 2016, in Bras\u00edlia. Bringing together great names from the Brazilian percussive universe, the Festival brought together Olodum, Il\u00ea Aiy\u00ea, Raquel Coutinho, Andr\u00e9 Sampaio and Afromandinga, Ma\u00edra Freitas, B Neg\u00e3o, Marco Lobo and Mariene de Castro. The Circuit [&hellip;]","og_url":"http:\/\/www.casadefulo.com.br\/en\/repique-do-tambor\/","og_site_name":"Casa de Ful\u00f4","article_publisher":"https:\/\/www.facebook.com\/CasaDeFuloProducoes","article_published_time":"2017-07-01T16:53:23+00:00","article_modified_time":"2020-02-21T02:08:49+00:00","og_image":[{"width":280,"height":280,"url":"http:\/\/www.casadefulo.com.br\/cms\/wp-content\/uploads\/2017\/07\/Repique-do-Tambor-Thumbnail-1.jpg","type":"image\/jpeg"}],"author":"Casa de Ful\u00f4 Admin","twitter_card":"summary_large_image","twitter_misc":{"Written by":"Casa de Ful\u00f4 Admin","Est. reading time":"1 minute"},"schema":{"@context":"https:\/\/schema.org","@graph":[{"@type":"Article","@id":"http:\/\/www.casadefulo.com.br\/en\/repique-do-tambor\/#article","isPartOf":{"@id":"http:\/\/www.casadefulo.com.br\/en\/repique-do-tambor\/"},"author":{"name":"Casa de Ful\u00f4 Admin","@id":"https:\/\/www.casadefulo.com.br\/#\/schema\/person\/c233d91344bd4b41b4f404df083a625e"},"headline":"Repique do Tambor","datePublished":"2017-07-01T16:53:23+00:00","dateModified":"2020-02-21T02:08:49+00:00","mainEntityOfPage":{"@id":"http:\/\/www.casadefulo.com.br\/en\/repique-do-tambor\/"},"wordCount":145,"commentCount":0,"publisher":{"@id":"https:\/\/www.casadefulo.com.br\/#organization"},"articleSection":["Festivals"],"inLanguage":"en-US","potentialAction":[{"@type":"CommentAction","name":"Comment","target":["http:\/\/www.casadefulo.com.br\/en\/repique-do-tambor\/#respond"]}]},{"@type":"WebPage","@id":"http:\/\/www.casadefulo.com.br\/en\/repique-do-tambor\/","url":"http:\/\/www.casadefulo.com.br\/en\/repique-do-tambor\/","name":"Repique do Tambor &raquo; Casa de Ful\u00f4","isPartOf":{"@id":"https:\/\/www.casadefulo.com.br\/#website"},"datePublished":"2017-07-01T16:53:23+00:00","dateModified":"2020-02-21T02:08:49+00:00","breadcrumb":{"@id":"http:\/\/www.casadefulo.com.br\/en\/repique-do-tambor\/#breadcrumb"},"inLanguage":"en-US","potentialAction":[{"@type":"ReadAction","target":["http:\/\/www.casadefulo.com.br\/en\/repique-do-tambor\/"]}]},{"@type":"BreadcrumbList","@id":"http:\/\/www.casadefulo.com.br\/en\/repique-do-tambor\/#breadcrumb","itemListElement":[{"@type":"ListItem","position":1,"name":"In\u00edcio","item":"https:\/\/www.casadefulo.com.br\/en\/"},{"@type":"ListItem","position":2,"name":"Repique do Tambor"}]},{"@type":"WebSite","@id":"https:\/\/www.casadefulo.com.br\/#website","url":"https:\/\/www.casadefulo.com.br\/","name":"Casa de Ful\u00f4","description":"","publisher":{"@id":"https:\/\/www.casadefulo.com.br\/#organization"},"potentialAction":[{"@type":"SearchAction","target":{"@type":"EntryPoint","urlTemplate":"https:\/\/www.casadefulo.com.br\/?s={search_term_string}"},"query-input":"required name=search_term_string"}],"inLanguage":"en-US"},{"@type":"Organization","@id":"https:\/\/www.casadefulo.com.br\/#organization","name":"Casa de Ful\u00f4 Prod","url":"https:\/\/www.casadefulo.com.br\/","sameAs":["https:\/\/www.instagram.com\/casadefuloprod","https:\/\/www.facebook.com\/CasaDeFuloProducoes"],"logo":{"@type":"ImageObject","inLanguage":"en-US","@id":"https:\/\/www.casadefulo.com.br\/#\/schema\/logo\/image\/","url":"http:\/\/www.casadefulo.com.br\/cms\/wp-content\/uploads\/2017\/06\/casadefulo-thumbnail.jpg","contentUrl":"http:\/\/www.casadefulo.com.br\/cms\/wp-content\/uploads\/2017\/06\/casadefulo-thumbnail.jpg","width":280,"height":280,"caption":"Casa de Ful\u00f4 Prod"},"image":{"@id":"https:\/\/www.casadefulo.com.br\/#\/schema\/logo\/image\/"}},{"@type":"Person","@id":"https:\/\/www.casadefulo.com.br\/#\/schema\/person\/c233d91344bd4b41b4f404df083a625e","name":"Casa de Ful\u00f4 Admin","image":{"@type":"ImageObject","inLanguage":"en-US","@id":"https:\/\/www.casadefulo.com.br\/#\/schema\/person\/image\/","url":"https:\/\/secure.gravatar.com\/avatar\/b82165758f363861299571b55794455cc20fefc2e03e2bc3051904784a7443c1?s=96&d=mm&r=g","contentUrl":"https:\/\/secure.gravatar.com\/avatar\/b82165758f363861299571b55794455cc20fefc2e03e2bc3051904784a7443c1?s=96&d=mm&r=g","caption":"Casa de Ful\u00f4 Admin"}}]}},"_links":{"self":[{"href":"http:\/\/www.casadefulo.com.br\/en\/wp-json\/wp\/v2\/posts\/2490","targetHints":{"allow":["GET"]}}],"collection":[{"href":"http:\/\/www.casadefulo.com.br\/en\/wp-json\/wp\/v2\/posts"}],"about":[{"href":"http:\/\/www.casadefulo.com.br\/en\/wp-json\/wp\/v2\/types\/post"}],"author":[{"embeddable":true,"href":"http:\/\/www.casadefulo.com.br\/en\/wp-json\/wp\/v2\/users\/1"}],"replies":[{"embeddable":true,"href":"http:\/\/www.casadefulo.com.br\/en\/wp-json\/wp\/v2\/comments?post=2490"}],"version-history":[{"count":9,"href":"http:\/\/www.casadefulo.com.br\/en\/wp-json\/wp\/v2\/posts\/2490\/revisions"}],"predecessor-version":[{"id":4142,"href":"http:\/\/www.casadefulo.com.br\/en\/wp-json\/wp\/v2\/posts\/2490\/revisions\/4142"}],"wp:featuredmedia":[{"embeddable":true,"href":"http:\/\/www.casadefulo.com.br\/en\/wp-json\/wp\/v2\/media\/549"}],"wp:attachment":[{"href":"http:\/\/www.casadefulo.com.br\/en\/wp-json\/wp\/v2\/media?parent=2490"}],"wp:term":[{"taxonomy":"category","embeddable":true,"href":"http:\/\/www.casadefulo.com.br\/en\/wp-json\/wp\/v2\/categories?post=2490"},{"taxonomy":"post_tag","embeddable":true,"href":"http:\/\/www.casadefulo.com.br\/en\/wp-json\/wp\/v2\/tags?post=2490"}],"curies":[{"name":"wp","href":"https:\/\/api.w.org\/{rel}","templated":true}]}}